{"id":1474,"date":"2020-09-24T15:43:59","date_gmt":"2020-09-24T13:43:59","guid":{"rendered":"https:\/\/sites.ffkarate.fr\/herault\/?post_type=news&amp;p=1474"},"modified":"2020-09-24T15:43:59","modified_gmt":"2020-09-24T13:43:59","slug":"report-du-stage-de-preparation-aux-grades-et-formation-des-jurys","status":"publish","type":"post","link":"https:\/\/sites.ffkarate.fr\/herault\/2020\/09\/24\/report-du-stage-de-preparation-aux-grades-et-formation-des-jurys\/","title":{"rendered":"Report du stage de pr\u00e9paration aux grades et formation des jurys"},"content":{"rendered":"<div class=\"wpb-content-wrapper\"><p>[vc_row][vc_column][vc_column_text]Suite aux derni\u00e8res d\u00e9clarations et mesures gouvernementales, nous sommes dans l&rsquo;obligation de devoir reporter \u00e0 une date ult\u00e9rieure le stage de pr\u00e9paration aux grades et la formation des jurys de grades.<\/p>\n<p>Nous vous tiendrons inform\u00e9s d\u00e8s qu&rsquo;une date sera possible.<\/p>\n<p>Merci de votre compr\u00e9hension et prenez soin de vous<\/p>\n<p><a href=\"https:\/\/sites.ffkarate.fr\/herault\/wp-content\/uploads\/sites\/58\/2020\/09\/LUPO-Covid2.jpg\"><img decoding=\"async\" class=\"aligncenter size-full wp-image-1476\" src=\"https:\/\/sites.ffkarate.fr\/herault\/wp-content\/uploads\/sites\/58\/2020\/09\/LUPO-Covid2.jpg\" alt=\"LUPO-Covid2\" width=\"452\" height=\"644\" \/><\/a>[\/vc_column_text][\/vc_column][\/vc_row]<\/p>\n<\/div>","protected":false},"excerpt":{"rendered":"<p>[vc_row][vc_column][vc_column_text]Suite aux derni\u00e8res d\u00e9clarations et mesures gouvernementales, nous sommes dans l&rsquo;obligation de devoir reporter \u00e0 une date ult\u00e9rieure le stage de pr\u00e9paration aux grades et la formation des jurys de grades. Nous vous tiendrons inform\u00e9s d\u00e8s qu&rsquo;une date sera possible. Merci de votre compr\u00e9hension et prenez soin de vous [\/vc_column_text][\/vc_column][\/vc_row]<\/p>\n","protected":false},"author":88,"featured_media":1475,"comment_status":"closed","ping_status":"closed","sticky":false,"template":"","format":"standard","meta":{"footnotes":""},"categories":[1],"tags":[],"class_list":["post-1474","post","type-post","status-publish","format-standard","hentry","category-non-classe"],"_links":{"self":[{"href":"https:\/\/sites.ffkarate.fr\/herault\/wp-json\/wp\/v2\/posts\/1474","targetHints":{"allow":["GET"]}}],"collection":[{"href":"https:\/\/sites.ffkarate.fr\/herault\/wp-json\/wp\/v2\/posts"}],"about":[{"href":"https:\/\/sites.ffkarate.fr\/herault\/wp-json\/wp\/v2\/types\/post"}],"author":[{"embeddable":true,"href":"https:\/\/sites.ffkarate.fr\/herault\/wp-json\/wp\/v2\/users\/88"}],"replies":[{"embeddable":true,"href":"https:\/\/sites.ffkarate.fr\/herault\/wp-json\/wp\/v2\/comments?post=1474"}],"version-history":[{"count":0,"href":"https:\/\/sites.ffkarate.fr\/herault\/wp-json\/wp\/v2\/posts\/1474\/revisions"}],"wp:featuredmedia":[{"embeddable":true,"href":"https:\/\/sites.ffkarate.fr\/herault\/wp-json\/wp\/v2\/media\/1475"}],"wp:attachment":[{"href":"https:\/\/sites.ffkarate.fr\/herault\/wp-json\/wp\/v2\/media?parent=1474"}],"wp:term":[{"taxonomy":"category","embeddable":true,"href":"https:\/\/sites.ffkarate.fr\/herault\/wp-json\/wp\/v2\/categories?post=1474"},{"taxonomy":"post_tag","embeddable":true,"href":"https:\/\/sites.ffkarate.fr\/herault\/wp-json\/wp\/v2\/tags?post=1474"}],"curies":[{"name":"wp","href":"https:\/\/api.w.org\/{rel}","templated":true}]}}