{"id":2140,"date":"2023-11-06T14:38:44","date_gmt":"2023-11-06T13:38:44","guid":{"rendered":"https:\/\/sites.ffkarate.fr\/herault\/?p=2140"},"modified":"2023-11-06T14:38:44","modified_gmt":"2023-11-06T13:38:44","slug":"open-de-beziers-le-16-decembre-2023","status":"publish","type":"post","link":"https:\/\/sites.ffkarate.fr\/herault\/2023\/11\/06\/open-de-beziers-le-16-decembre-2023\/","title":{"rendered":"Open de B\u00e9ziers le 16 d\u00e9cembre 2023"},"content":{"rendered":"<div class=\"wpb-content-wrapper\"><p>[vc_row][vc_column][vc_column_text]A vos agendas pour l&rsquo;Open de B\u00e9ziers le 16 d\u00e9cembre 2023, organis\u00e9 par le <a class=\"x1i10hfl xjbqb8w x6umtig x1b1mbwd xaqea5y xav7gou x9f619 x1ypdohk xt0psk2 xe8uvvx xdj266r x11i5rnm xat24cr x1mh8g0r xexx8yu x4uap5 x18d9i69 xkhd6sd x16tdsg8 x1hl2dhg xggy1nq x1a2a7pz xt0b8zv x1qq9wsj xo1l8bm\" role=\"link\" href=\"https:\/\/www.facebook.com\/profile.php?id=100057181220588&amp;__cft__[0]=AZVG3mWjWvm6nVIzc_cUsYbxQGodiGQTnPSqJ9YRaOmOlt5RBccLzoGXczR8hM1m9YW0O6PSnbntBvcdAFBgwWl1EZEw979pUMdun5wDc5XcGhTZfq5Dpz929pFYG3z3KFM&amp;__tn__=-]K-R\" target=\"_blank\" rel=\"noopener\"><span class=\"xt0psk2\">Meiyo Karat\u00e9 B\u00e9ziers<\/span><\/a> une comp\u00e9tition amicale pour les 1ere ann\u00e9e de licence et par niveau de ceinture.<\/p>\n<p>Pensez \u00e0 vous inscrire pour la logistique aucune inscription sur place. Ev\u00e9nement pr\u00e9sent sur le calendrier sportif du Comit\u00e9 de l&rsquo;H\u00e9rault.<\/p>\n<p>Toutes les infos sur l&rsquo;affiche.[\/vc_column_text][\/vc_column][\/vc_row]<\/p>\n<\/div>","protected":false},"excerpt":{"rendered":"<p>[vc_row][vc_column][vc_column_text]A vos agendas pour l&rsquo;Open de B\u00e9ziers le 16 d\u00e9cembre 2023, organis\u00e9 par le Meiyo Karat\u00e9 B\u00e9ziers une comp\u00e9tition amicale pour les 1ere ann\u00e9e de licence et par niveau de ceinture. Pensez \u00e0 vous inscrire pour la logistique aucune inscription sur place. Ev\u00e9nement pr\u00e9sent sur le calendrier sportif du Comit\u00e9 de l&rsquo;H\u00e9rault. Toutes les infos [&hellip;]<\/p>\n","protected":false},"author":88,"featured_media":2131,"comment_status":"closed","ping_status":"closed","sticky":false,"template":"","format":"standard","meta":{"footnotes":""},"categories":[5],"tags":[],"class_list":["post-2140","post","type-post","status-publish","format-standard","hentry","category-actualites"],"_links":{"self":[{"href":"https:\/\/sites.ffkarate.fr\/herault\/wp-json\/wp\/v2\/posts\/2140","targetHints":{"allow":["GET"]}}],"collection":[{"href":"https:\/\/sites.ffkarate.fr\/herault\/wp-json\/wp\/v2\/posts"}],"about":[{"href":"https:\/\/sites.ffkarate.fr\/herault\/wp-json\/wp\/v2\/types\/post"}],"author":[{"embeddable":true,"href":"https:\/\/sites.ffkarate.fr\/herault\/wp-json\/wp\/v2\/users\/88"}],"replies":[{"embeddable":true,"href":"https:\/\/sites.ffkarate.fr\/herault\/wp-json\/wp\/v2\/comments?post=2140"}],"version-history":[{"count":2,"href":"https:\/\/sites.ffkarate.fr\/herault\/wp-json\/wp\/v2\/posts\/2140\/revisions"}],"predecessor-version":[{"id":2142,"href":"https:\/\/sites.ffkarate.fr\/herault\/wp-json\/wp\/v2\/posts\/2140\/revisions\/2142"}],"wp:featuredmedia":[{"embeddable":true,"href":"https:\/\/sites.ffkarate.fr\/herault\/wp-json\/wp\/v2\/media\/2131"}],"wp:attachment":[{"href":"https:\/\/sites.ffkarate.fr\/herault\/wp-json\/wp\/v2\/media?parent=2140"}],"wp:term":[{"taxonomy":"category","embeddable":true,"href":"https:\/\/sites.ffkarate.fr\/herault\/wp-json\/wp\/v2\/categories?post=2140"},{"taxonomy":"post_tag","embeddable":true,"href":"https:\/\/sites.ffkarate.fr\/herault\/wp-json\/wp\/v2\/tags?post=2140"}],"curies":[{"name":"wp","href":"https:\/\/api.w.org\/{rel}","templated":true}]}}