{"id":2150,"date":"2023-11-08T06:54:37","date_gmt":"2023-11-08T05:54:37","guid":{"rendered":"https:\/\/sites.ffkarate.fr\/herault\/?p=2150"},"modified":"2023-11-20T18:36:33","modified_gmt":"2023-11-20T17:36:33","slug":"entrainements-collectifs-gratuits-tous-niveaux-sur-le-theme-de-la-competition-combat","status":"publish","type":"post","link":"https:\/\/sites.ffkarate.fr\/herault\/2023\/11\/08\/entrainements-collectifs-gratuits-tous-niveaux-sur-le-theme-de-la-competition-combat\/","title":{"rendered":"Succ\u00e8s pour le 1er entra\u00eenement d\u00e9partemental sur le th\u00e8me de la comp\u00e9tition combat."},"content":{"rendered":"<div class=\"wpb-content-wrapper\"><p>[vc_row][vc_column][vc_column_text]Plein succ\u00e8s pour l&rsquo;entra\u00eenement d\u00e9partemental \u00e0 Agde le dimanche 19 novembre, sous l&rsquo;animation de Ben Kon\u00e9, 6\u00e8me dan. Merci \u00e0 tous les clubs et pratiquants qui ont fait le d\u00e9placement.<\/p>\n<p><img decoding=\"async\" class=\"alignnone size-large wp-image-2162\" src=\"https:\/\/sites.ffkarate.fr\/herault\/wp-content\/uploads\/sites\/58\/2023\/11\/Cours3-1024x768.jpg\" alt=\"\" width=\"1024\" height=\"768\" srcset=\"https:\/\/sites.ffkarate.fr\/herault\/wp-content\/uploads\/sites\/58\/2023\/11\/Cours3-1024x768.jpg 1024w, https:\/\/sites.ffkarate.fr\/herault\/wp-content\/uploads\/sites\/58\/2023\/11\/Cours3-300x225.jpg 300w, https:\/\/sites.ffkarate.fr\/herault\/wp-content\/uploads\/sites\/58\/2023\/11\/Cours3-768x576.jpg 768w, https:\/\/sites.ffkarate.fr\/herault\/wp-content\/uploads\/sites\/58\/2023\/11\/Cours3-1536x1152.jpg 1536w, https:\/\/sites.ffkarate.fr\/herault\/wp-content\/uploads\/sites\/58\/2023\/11\/Cours3-400x300.jpg 400w, https:\/\/sites.ffkarate.fr\/herault\/wp-content\/uploads\/sites\/58\/2023\/11\/Cours3.jpg 2048w\" sizes=\"(max-width: 1024px) 100vw, 1024px\" \/><img decoding=\"async\" class=\"alignnone size-large wp-image-2163\" src=\"https:\/\/sites.ffkarate.fr\/herault\/wp-content\/uploads\/sites\/58\/2023\/11\/Cours2-1024x575.jpg\" alt=\"\" width=\"1024\" height=\"575\" srcset=\"https:\/\/sites.ffkarate.fr\/herault\/wp-content\/uploads\/sites\/58\/2023\/11\/Cours2-1024x575.jpg 1024w, https:\/\/sites.ffkarate.fr\/herault\/wp-content\/uploads\/sites\/58\/2023\/11\/Cours2-300x169.jpg 300w, https:\/\/sites.ffkarate.fr\/herault\/wp-content\/uploads\/sites\/58\/2023\/11\/Cours2-768x432.jpg 768w, https:\/\/sites.ffkarate.fr\/herault\/wp-content\/uploads\/sites\/58\/2023\/11\/Cours2-1536x863.jpg 1536w, https:\/\/sites.ffkarate.fr\/herault\/wp-content\/uploads\/sites\/58\/2023\/11\/Cours2.jpg 1600w\" sizes=\"(max-width: 1024px) 100vw, 1024px\" \/><\/p>\n<p>&nbsp;<\/p>\n<p><strong>Prochain RDV : 2\u00e8me entra\u00eenement le 10 d\u00e9cembre de 10h \u00e0 12h, salle d&rsquo;Amato Marco \u00e0 Agde.\u00a0<\/strong><\/p>\n<p><img decoding=\"async\" class=\"alignnone size-large wp-image-2158\" src=\"https:\/\/sites.ffkarate.fr\/herault\/wp-content\/uploads\/sites\/58\/2023\/11\/Entrainement-departemental-1024x576.jpg\" alt=\"\" width=\"1024\" height=\"576\" srcset=\"https:\/\/sites.ffkarate.fr\/herault\/wp-content\/uploads\/sites\/58\/2023\/11\/Entrainement-departemental-1024x576.jpg 1024w, https:\/\/sites.ffkarate.fr\/herault\/wp-content\/uploads\/sites\/58\/2023\/11\/Entrainement-departemental-300x169.jpg 300w, https:\/\/sites.ffkarate.fr\/herault\/wp-content\/uploads\/sites\/58\/2023\/11\/Entrainement-departemental-768x432.jpg 768w, https:\/\/sites.ffkarate.fr\/herault\/wp-content\/uploads\/sites\/58\/2023\/11\/Entrainement-departemental.jpg 1280w\" sizes=\"(max-width: 1024px) 100vw, 1024px\" \/>[\/vc_column_text][\/vc_column][\/vc_row]<\/p>\n<\/div>","protected":false},"excerpt":{"rendered":"<p>[vc_row][vc_column][vc_column_text]Plein succ\u00e8s pour l&rsquo;entra\u00eenement d\u00e9partemental \u00e0 Agde le dimanche 19 novembre, sous l&rsquo;animation de Ben Kon\u00e9, 6\u00e8me dan. Merci \u00e0 tous les clubs et pratiquants qui ont fait le d\u00e9placement. &nbsp; Prochain RDV : 2\u00e8me entra\u00eenement le 10 d\u00e9cembre de 10h \u00e0 12h, salle d&rsquo;Amato Marco \u00e0 Agde.\u00a0 [\/vc_column_text][\/vc_column][\/vc_row]<\/p>\n","protected":false},"author":88,"featured_media":2164,"comment_status":"closed","ping_status":"closed","sticky":false,"template":"","format":"standard","meta":{"footnotes":""},"categories":[5],"tags":[],"class_list":["post-2150","post","type-post","status-publish","format-standard","hentry","category-actualites"],"_links":{"self":[{"href":"https:\/\/sites.ffkarate.fr\/herault\/wp-json\/wp\/v2\/posts\/2150","targetHints":{"allow":["GET"]}}],"collection":[{"href":"https:\/\/sites.ffkarate.fr\/herault\/wp-json\/wp\/v2\/posts"}],"about":[{"href":"https:\/\/sites.ffkarate.fr\/herault\/wp-json\/wp\/v2\/types\/post"}],"author":[{"embeddable":true,"href":"https:\/\/sites.ffkarate.fr\/herault\/wp-json\/wp\/v2\/users\/88"}],"replies":[{"embeddable":true,"href":"https:\/\/sites.ffkarate.fr\/herault\/wp-json\/wp\/v2\/comments?post=2150"}],"version-history":[{"count":4,"href":"https:\/\/sites.ffkarate.fr\/herault\/wp-json\/wp\/v2\/posts\/2150\/revisions"}],"predecessor-version":[{"id":2165,"href":"https:\/\/sites.ffkarate.fr\/herault\/wp-json\/wp\/v2\/posts\/2150\/revisions\/2165"}],"wp:featuredmedia":[{"embeddable":true,"href":"https:\/\/sites.ffkarate.fr\/herault\/wp-json\/wp\/v2\/media\/2164"}],"wp:attachment":[{"href":"https:\/\/sites.ffkarate.fr\/herault\/wp-json\/wp\/v2\/media?parent=2150"}],"wp:term":[{"taxonomy":"category","embeddable":true,"href":"https:\/\/sites.ffkarate.fr\/herault\/wp-json\/wp\/v2\/categories?post=2150"},{"taxonomy":"post_tag","embeddable":true,"href":"https:\/\/sites.ffkarate.fr\/herault\/wp-json\/wp\/v2\/tags?post=2150"}],"curies":[{"name":"wp","href":"https:\/\/api.w.org\/{rel}","templated":true}]}}