{"id":2157,"date":"2023-11-20T18:23:06","date_gmt":"2023-11-20T17:23:06","guid":{"rendered":"https:\/\/sites.ffkarate.fr\/herault\/?p=2157"},"modified":"2023-11-20T18:23:06","modified_gmt":"2023-11-20T17:23:06","slug":"2eme-entrainement-departemental-combat-le-10-decembre-a-agde","status":"publish","type":"post","link":"https:\/\/sites.ffkarate.fr\/herault\/2023\/11\/20\/2eme-entrainement-departemental-combat-le-10-decembre-a-agde\/","title":{"rendered":"2\u00e8me entra\u00eenement d\u00e9partemental combat le 10 d\u00e9cembre \u00e0 Agde"},"content":{"rendered":"<div class=\"wpb-content-wrapper\"><p>[vc_row][vc_column][vc_column_text]2\u00e8me entra\u00eenement d\u00e9partemental le 10 d\u00e9cembre \u00e0 Agde (salle d&rsquo;Amato Marco), ouvert \u00e0 tous les clubs de l&rsquo;H\u00e9rault, pupilles \u00e0 seniors, tous niveaux, sur le th\u00e8me de la comp\u00e9tition combat. Animation avec Ben kon\u00e9, ceinture noire 6\u00e8me dan.[\/vc_column_text][\/vc_column][\/vc_row]<\/p>\n<\/div>","protected":false},"excerpt":{"rendered":"<p>[vc_row][vc_column][vc_column_text]2\u00e8me entra\u00eenement d\u00e9partemental le 10 d\u00e9cembre \u00e0 Agde (salle d&rsquo;Amato Marco), ouvert \u00e0 tous les clubs de l&rsquo;H\u00e9rault, pupilles \u00e0 seniors, tous niveaux, sur le th\u00e8me de la comp\u00e9tition combat. Animation avec Ben kon\u00e9, ceinture noire 6\u00e8me dan.[\/vc_column_text][\/vc_column][\/vc_row]<\/p>\n","protected":false},"author":88,"featured_media":2158,"comment_status":"closed","ping_status":"closed","sticky":false,"template":"","format":"standard","meta":{"footnotes":""},"categories":[5],"tags":[],"class_list":["post-2157","post","type-post","status-publish","format-standard","hentry","category-actualites"],"_links":{"self":[{"href":"https:\/\/sites.ffkarate.fr\/herault\/wp-json\/wp\/v2\/posts\/2157","targetHints":{"allow":["GET"]}}],"collection":[{"href":"https:\/\/sites.ffkarate.fr\/herault\/wp-json\/wp\/v2\/posts"}],"about":[{"href":"https:\/\/sites.ffkarate.fr\/herault\/wp-json\/wp\/v2\/types\/post"}],"author":[{"embeddable":true,"href":"https:\/\/sites.ffkarate.fr\/herault\/wp-json\/wp\/v2\/users\/88"}],"replies":[{"embeddable":true,"href":"https:\/\/sites.ffkarate.fr\/herault\/wp-json\/wp\/v2\/comments?post=2157"}],"version-history":[{"count":2,"href":"https:\/\/sites.ffkarate.fr\/herault\/wp-json\/wp\/v2\/posts\/2157\/revisions"}],"predecessor-version":[{"id":2160,"href":"https:\/\/sites.ffkarate.fr\/herault\/wp-json\/wp\/v2\/posts\/2157\/revisions\/2160"}],"wp:featuredmedia":[{"embeddable":true,"href":"https:\/\/sites.ffkarate.fr\/herault\/wp-json\/wp\/v2\/media\/2158"}],"wp:attachment":[{"href":"https:\/\/sites.ffkarate.fr\/herault\/wp-json\/wp\/v2\/media?parent=2157"}],"wp:term":[{"taxonomy":"category","embeddable":true,"href":"https:\/\/sites.ffkarate.fr\/herault\/wp-json\/wp\/v2\/categories?post=2157"},{"taxonomy":"post_tag","embeddable":true,"href":"https:\/\/sites.ffkarate.fr\/herault\/wp-json\/wp\/v2\/tags?post=2157"}],"curies":[{"name":"wp","href":"https:\/\/api.w.org\/{rel}","templated":true}]}}