{"id":2625,"date":"2024-10-22T10:57:58","date_gmt":"2024-10-22T08:57:58","guid":{"rendered":"https:\/\/sites.ffkarate.fr\/herault\/?p=2625"},"modified":"2024-10-23T14:25:40","modified_gmt":"2024-10-23T12:25:40","slug":"les-entrainements-du-mois-de-novembre","status":"publish","type":"post","link":"https:\/\/sites.ffkarate.fr\/herault\/2024\/10\/22\/les-entrainements-du-mois-de-novembre\/","title":{"rendered":"Les entra\u00eenements du mois de novembre"},"content":{"rendered":"<div class=\"wpb-content-wrapper\"><p>[vc_row][vc_column][vc_column_text]- Nouvel entra\u00eenement <strong>Kata<\/strong>,<strong>\u00a0cr\u00e9ation<\/strong> de<span style=\"color: #000080\"><strong> <u>la Team Elite 34 KATA<\/u><\/strong><\/span> , dirig\u00e9 par Abdel KAABIA 5\u00e8me dan le : <strong>02 Novembre<\/strong> \u00e0 <strong>Montpellier &#8211; <\/strong>Salle Blanchard &#8211; 5 rue Bercy.<\/p>\n<p><!--more--><\/p>\n<p>&#8211; Entra\u00eenement D\u00e9partemental <strong>Kata et Combat\u00a0<\/strong> le <strong>10 novembre<\/strong> \u00e0 <strong>Balaruc<br \/>\n<\/strong>Salle Omnisport de la Cadole &#8211; 16 Avenue de la Cadole &#8211; 34540 Balaruc les bains[\/vc_column_text][\/vc_column][\/vc_row]<\/p>\n<\/div>","protected":false},"excerpt":{"rendered":"<p>[vc_row][vc_column][vc_column_text]- Nouvel entra\u00eenement Kata,\u00a0cr\u00e9ation de la Team Elite 34 KATA , dirig\u00e9 par Abdel KAABIA 5\u00e8me dan le : 02 Novembre \u00e0 Montpellier &#8211; Salle Blanchard &#8211; 5 rue Bercy.<\/p>\n","protected":false},"author":88,"featured_media":2644,"comment_status":"closed","ping_status":"closed","sticky":false,"template":"","format":"standard","meta":{"footnotes":""},"categories":[1],"tags":[],"class_list":["post-2625","post","type-post","status-publish","format-standard","hentry","category-non-classe"],"_links":{"self":[{"href":"https:\/\/sites.ffkarate.fr\/herault\/wp-json\/wp\/v2\/posts\/2625","targetHints":{"allow":["GET"]}}],"collection":[{"href":"https:\/\/sites.ffkarate.fr\/herault\/wp-json\/wp\/v2\/posts"}],"about":[{"href":"https:\/\/sites.ffkarate.fr\/herault\/wp-json\/wp\/v2\/types\/post"}],"author":[{"embeddable":true,"href":"https:\/\/sites.ffkarate.fr\/herault\/wp-json\/wp\/v2\/users\/88"}],"replies":[{"embeddable":true,"href":"https:\/\/sites.ffkarate.fr\/herault\/wp-json\/wp\/v2\/comments?post=2625"}],"version-history":[{"count":10,"href":"https:\/\/sites.ffkarate.fr\/herault\/wp-json\/wp\/v2\/posts\/2625\/revisions"}],"predecessor-version":[{"id":2638,"href":"https:\/\/sites.ffkarate.fr\/herault\/wp-json\/wp\/v2\/posts\/2625\/revisions\/2638"}],"wp:featuredmedia":[{"embeddable":true,"href":"https:\/\/sites.ffkarate.fr\/herault\/wp-json\/wp\/v2\/media\/2644"}],"wp:attachment":[{"href":"https:\/\/sites.ffkarate.fr\/herault\/wp-json\/wp\/v2\/media?parent=2625"}],"wp:term":[{"taxonomy":"category","embeddable":true,"href":"https:\/\/sites.ffkarate.fr\/herault\/wp-json\/wp\/v2\/categories?post=2625"},{"taxonomy":"post_tag","embeddable":true,"href":"https:\/\/sites.ffkarate.fr\/herault\/wp-json\/wp\/v2\/tags?post=2625"}],"curies":[{"name":"wp","href":"https:\/\/api.w.org\/{rel}","templated":true}]}}