{"id":424,"date":"2016-11-21T23:22:10","date_gmt":"2016-11-21T22:22:10","guid":{"rendered":"https:\/\/sites.ffkarate.fr\/herault\/?post_type=news&amp;p=424"},"modified":"2016-11-21T23:22:10","modified_gmt":"2016-11-21T22:22:10","slug":"championnat-de-lherault-combat-minimes-a-veterans-coupe-de-lherault-combat-benjamins","status":"publish","type":"post","link":"https:\/\/sites.ffkarate.fr\/herault\/2016\/11\/21\/championnat-de-lherault-combat-minimes-a-veterans-coupe-de-lherault-combat-benjamins\/","title":{"rendered":"Samedi 17 et Dimanche 18 D\u00e9cembre 2016   Weekend comp\u00e9tition !"},"content":{"rendered":"<div class=\"wpb-content-wrapper\"><p>[vc_row][vc_column][vc_column_text]<em>Lieux : Gymnase de la Pr\u00e9sidente &#8211; Avenue Pierre de Coubertin &#8211; 34500 B\u00e9ziers<\/em><\/p>\n<p><strong>Samedi<\/strong><strong> 17<\/strong><strong> Ma<\/strong><strong>tin<\/strong><strong> :<\/strong><\/p>\n<p>Championnat de l&rsquo;H\u00e9rault Combat &#8211;\u00a0Minimes \u00e0\u00a0Seniors<\/p>\n<ul>\n<li>Programme :\u00a0<em><a href=\"https:\/\/sites.ffkarate.fr\/herault\/wp-content\/uploads\/sites\/62\/2016\/11\/ChptHltKumMinCadJunSen.doc\">chpthltkummincadjunsen<\/a><\/em><\/li>\n<\/ul>\n<p><strong>Samedi 17 A-M :<\/strong><\/p>\n<p>Coupe\u00a0de l&rsquo;H\u00e9rault Combat &#8211; Benjamins<\/p>\n<ul>\n<li>Programme :<em> <a href=\"https:\/\/sites.ffkarate.fr\/herault\/wp-content\/uploads\/sites\/62\/2016\/11\/CpeHltBenjKUM.doc\">cpehltbenjkum<\/a><\/em><\/li>\n<\/ul>\n<p><strong>Dimanche 18 Matin :<\/strong><\/p>\n<p>Championnat de l&rsquo;H\u00e9rault<strong>\u00a0<\/strong>Kata\u00a0&#8211;\u00a0Minimes \u00e0\u00a0Seniors<\/p>\n<ul>\n<li>Programme :\u00a0<em><a href=\"https:\/\/sites.ffkarate.fr\/herault\/wp-content\/uploads\/sites\/62\/2016\/11\/ChptCadJunSenKATA.doc\">chptcadjunsenkata<\/a><\/em><\/li>\n<\/ul>\n<p>Coupe de l&rsquo;H\u00e9rault Kata &#8211; Pupilles\/Benjamins<\/p>\n<ul>\n<li>Programme :\u00a0<em><a href=\"https:\/\/sites.ffkarate.fr\/herault\/wp-content\/uploads\/sites\/62\/2016\/11\/CpeHltPupBenKATA-1.doc\">cpehltpupbenkata<\/a><\/em><\/li>\n<\/ul>\n<p><strong>Dimanche 18\u00a0A-M :<\/strong><\/p>\n<p>Coupe de l&rsquo;H\u00e9rault Combat &#8211; Pupilles<\/p>\n<ul>\n<li>Programme :\u00a0<em><a href=\"https:\/\/sites.ffkarate.fr\/herault\/wp-content\/uploads\/sites\/62\/2016\/11\/CpeHltPupKUM.doc\">cpehltpupkum<\/a><\/em><\/li>\n<\/ul>\n<p>&nbsp;<\/p>\n<p>&nbsp;[\/vc_column_text][\/vc_column][\/vc_row]<\/p>\n<\/div>","protected":false},"excerpt":{"rendered":"<p>[vc_row][vc_column][vc_column_text]Lieux : Gymnase de la Pr\u00e9sidente &#8211; Avenue Pierre de Coubertin &#8211; 34500 B\u00e9ziers Samedi 17 Matin : Championnat de l&rsquo;H\u00e9rault Combat &#8211;\u00a0Minimes \u00e0\u00a0Seniors Programme :\u00a0chpthltkummincadjunsen Samedi 17 A-M : Coupe\u00a0de l&rsquo;H\u00e9rault Combat &#8211; Benjamins Programme : cpehltbenjkum Dimanche 18 Matin : Championnat de l&rsquo;H\u00e9rault\u00a0Kata\u00a0&#8211;\u00a0Minimes \u00e0\u00a0Seniors Programme :\u00a0chptcadjunsenkata Coupe de l&rsquo;H\u00e9rault Kata &#8211; Pupilles\/Benjamins Programme [&hellip;]<\/p>\n","protected":false},"author":88,"featured_media":0,"comment_status":"closed","ping_status":"closed","sticky":false,"template":"","format":"standard","meta":{"footnotes":""},"categories":[1],"tags":[],"class_list":["post-424","post","type-post","status-publish","format-standard","hentry","category-non-classe"],"_links":{"self":[{"href":"https:\/\/sites.ffkarate.fr\/herault\/wp-json\/wp\/v2\/posts\/424","targetHints":{"allow":["GET"]}}],"collection":[{"href":"https:\/\/sites.ffkarate.fr\/herault\/wp-json\/wp\/v2\/posts"}],"about":[{"href":"https:\/\/sites.ffkarate.fr\/herault\/wp-json\/wp\/v2\/types\/post"}],"author":[{"embeddable":true,"href":"https:\/\/sites.ffkarate.fr\/herault\/wp-json\/wp\/v2\/users\/88"}],"replies":[{"embeddable":true,"href":"https:\/\/sites.ffkarate.fr\/herault\/wp-json\/wp\/v2\/comments?post=424"}],"version-history":[{"count":0,"href":"https:\/\/sites.ffkarate.fr\/herault\/wp-json\/wp\/v2\/posts\/424\/revisions"}],"wp:attachment":[{"href":"https:\/\/sites.ffkarate.fr\/herault\/wp-json\/wp\/v2\/media?parent=424"}],"wp:term":[{"taxonomy":"category","embeddable":true,"href":"https:\/\/sites.ffkarate.fr\/herault\/wp-json\/wp\/v2\/categories?post=424"},{"taxonomy":"post_tag","embeddable":true,"href":"https:\/\/sites.ffkarate.fr\/herault\/wp-json\/wp\/v2\/tags?post=424"}],"curies":[{"name":"wp","href":"https:\/\/api.w.org\/{rel}","templated":true}]}}