{"id":697,"date":"2017-11-13T20:46:34","date_gmt":"2017-11-13T19:46:34","guid":{"rendered":"https:\/\/sites.ffkarate.fr\/herault\/?post_type=news&amp;p=697"},"modified":"2017-11-13T20:46:34","modified_gmt":"2017-11-13T19:46:34","slug":"interview-du-president-sylvain-berge-dans-midi-libre","status":"publish","type":"post","link":"https:\/\/sites.ffkarate.fr\/herault\/2017\/11\/13\/interview-du-president-sylvain-berge-dans-midi-libre\/","title":{"rendered":"Interview du Pr\u00e9sident Sylvain Berg\u00e9 dans Midi Libre"},"content":{"rendered":"<div class=\"wpb-content-wrapper\"><p>[vc_row][vc_column][vc_column_text]Le Pr\u00e9sident du Comit\u00e9 de l&rsquo;H\u00e9rault Sylvain Berg\u00e9 a \u00e9t\u00e9 interview\u00e9 dans Midi Libre suite \u00e0 son \u00e9lection.<\/p>\n<p>Une belle vitrine pour toutes les disciplines et notre F\u00e9d\u00e9ration dans le quotidien le plus lu dans la r\u00e9gion.<\/p>\n<p>Voici l&rsquo;article en int\u00e9gralit\u00e9.<\/p>\n<p><a href=\"https:\/\/sites.ffkarate.fr\/herault\/wp-content\/uploads\/sites\/62\/2017\/11\/article-SB.jpg\"><img decoding=\"async\" class=\"aligncenter size-full wp-image-698\" src=\"https:\/\/sites.ffkarate.fr\/herault\/wp-content\/uploads\/sites\/62\/2017\/11\/article-SB.jpg\" alt=\"Article Midi Libre\" width=\"868\" height=\"851\" \/><\/a>[\/vc_column_text][\/vc_column][\/vc_row]<\/p>\n<\/div>","protected":false},"excerpt":{"rendered":"<p>[vc_row][vc_column][vc_column_text]Le Pr\u00e9sident du Comit\u00e9 de l&rsquo;H\u00e9rault Sylvain Berg\u00e9 a \u00e9t\u00e9 interview\u00e9 dans Midi Libre suite \u00e0 son \u00e9lection. Une belle vitrine pour toutes les disciplines et notre F\u00e9d\u00e9ration dans le quotidien le plus lu dans la r\u00e9gion. Voici l&rsquo;article en int\u00e9gralit\u00e9. [\/vc_column_text][\/vc_column][\/vc_row]<\/p>\n","protected":false},"author":88,"featured_media":0,"comment_status":"closed","ping_status":"closed","sticky":false,"template":"","format":"standard","meta":{"footnotes":""},"categories":[1],"tags":[],"class_list":["post-697","post","type-post","status-publish","format-standard","hentry","category-non-classe"],"_links":{"self":[{"href":"https:\/\/sites.ffkarate.fr\/herault\/wp-json\/wp\/v2\/posts\/697","targetHints":{"allow":["GET"]}}],"collection":[{"href":"https:\/\/sites.ffkarate.fr\/herault\/wp-json\/wp\/v2\/posts"}],"about":[{"href":"https:\/\/sites.ffkarate.fr\/herault\/wp-json\/wp\/v2\/types\/post"}],"author":[{"embeddable":true,"href":"https:\/\/sites.ffkarate.fr\/herault\/wp-json\/wp\/v2\/users\/88"}],"replies":[{"embeddable":true,"href":"https:\/\/sites.ffkarate.fr\/herault\/wp-json\/wp\/v2\/comments?post=697"}],"version-history":[{"count":0,"href":"https:\/\/sites.ffkarate.fr\/herault\/wp-json\/wp\/v2\/posts\/697\/revisions"}],"wp:attachment":[{"href":"https:\/\/sites.ffkarate.fr\/herault\/wp-json\/wp\/v2\/media?parent=697"}],"wp:term":[{"taxonomy":"category","embeddable":true,"href":"https:\/\/sites.ffkarate.fr\/herault\/wp-json\/wp\/v2\/categories?post=697"},{"taxonomy":"post_tag","embeddable":true,"href":"https:\/\/sites.ffkarate.fr\/herault\/wp-json\/wp\/v2\/tags?post=697"}],"curies":[{"name":"wp","href":"https:\/\/api.w.org\/{rel}","templated":true}]}}