{"id":699,"date":"2017-11-13T20:50:03","date_gmt":"2017-11-13T19:50:03","guid":{"rendered":"https:\/\/sites.ffkarate.fr\/herault\/?post_type=news&amp;p=699"},"modified":"2017-11-13T20:50:03","modified_gmt":"2017-11-13T19:50:03","slug":"trois-nouveaux-referents-nommes-en-krav-maga-arts-martiaux-vietnamiens-et-wushu","status":"publish","type":"post","link":"https:\/\/sites.ffkarate.fr\/herault\/2017\/11\/13\/trois-nouveaux-referents-nommes-en-krav-maga-arts-martiaux-vietnamiens-et-wushu\/","title":{"rendered":"Trois nouveaux r\u00e9f\u00e9rents nomm\u00e9s en Krav Maga, Arts Martiaux Vietnamiens et Wushu"},"content":{"rendered":"<div class=\"wpb-content-wrapper\"><p>[vc_row][vc_column][vc_column_text]La commission sp\u00e9cialis\u00e9e des dans et grades \u00e9quivalents a nomm\u00e9 apr\u00e8s appel \u00e0 candidature David Rigail r\u00e9f\u00e9rent Krav Maga, Jean G\u00e9rald Lubrano r\u00e9f\u00e9rent Arts Martiaux Vietnamiens et Rapha\u00ebl Andreo r\u00e9f\u00e9rent Wushu.<br \/>\nPour l&rsquo;ann\u00e9e 2018, Le comit\u00e9 de l&rsquo;H\u00e9rault pourra d\u00e9velopper sa commission des grades en incorporant des disciplines affinitaires de la f\u00e9d\u00e9ration fran\u00e7aise de Karat\u00e9.<br \/>\nF\u00e9licitations \u00e0 eux trois !!!!<\/p>\n<div id=\"u_0_m\" class=\"_li\">\n<div id=\"globalContainer\" class=\"uiContextualLayerParent\">\n<div id=\"content\" class=\"fb_content clearfix \">\n<div>\n<div>\n<div class=\"clearfix\">\n<div class=\"_1qkq _1ql0\">\n<div id=\"content_container\">\n<div>\n<div class=\"clearfix\">\n<div id=\"js_n8\" class=\"_2pie _14i5 _1qkq _1qkx\">\n<div id=\"pagelet_timeline_main_column\">\n<div id=\"id_5a09f137462ba2967775554\">\n<div>\n<div id=\"u_jsonp_9_1f\">\n<div class=\"_1xnd\">\n<div class=\"_1xnd\">\n<div class=\"_1xnd\">\n<div class=\"_4-u2 _3xaf _3-95 _4-u8\">\n<div class=\"_5va1 _427x\">\n<div id=\"u_2t_2\" class=\"_4-u2 mbm _4mrt _5jmm _5pat _5v3q _4-u8\">\n<div id=\"u_2t_8\" class=\"_3ccb\">\n<div class=\"_5pcr userContentWrapper\">\n<div class=\"_1dwg _1w_m _q7o\">\n<div>\n<div id=\"js_xm\" class=\"_5pbx userContent _3576\">\n<p><a href=\"https:\/\/sites.ffkarate.fr\/herault\/wp-content\/uploads\/sites\/62\/2017\/11\/David.jpg\"><img decoding=\"async\" class=\"aligncenter wp-image-700 size-medium\" src=\"https:\/\/sites.ffkarate.fr\/herault\/wp-content\/uploads\/sites\/62\/2017\/11\/David-169x300.jpg\" alt=\"David\" width=\"169\" height=\"300\" \/><\/a> <a href=\"https:\/\/sites.ffkarate.fr\/herault\/wp-content\/uploads\/sites\/62\/2017\/11\/Jean-Gerald.jpg\"><img decoding=\"async\" class=\"aligncenter wp-image-701 size-medium\" src=\"https:\/\/sites.ffkarate.fr\/herault\/wp-content\/uploads\/sites\/62\/2017\/11\/Jean-Gerald-197x300.jpg\" alt=\"Jean-Gerald\" width=\"197\" height=\"300\" \/><\/a> <a href=\"https:\/\/sites.ffkarate.fr\/herault\/wp-content\/uploads\/sites\/62\/2017\/11\/Raphael.jpg\"><img decoding=\"async\" class=\"aligncenter wp-image-702 size-medium\" src=\"https:\/\/sites.ffkarate.fr\/herault\/wp-content\/uploads\/sites\/62\/2017\/11\/Raphael-291x300.jpg\" alt=\"Raphael\" width=\"291\" height=\"300\" \/><\/a><\/p>\n<\/div>\n<\/div>\n<\/div>\n<\/div>\n<\/div>\n<\/div>\n<\/div>\n<\/div>\n<\/div>\n<\/div>\n<\/div>\n<\/div>\n<\/div>\n<\/div>\n<\/div>\n<\/div>\n<\/div>\n<\/div>\n<\/div>\n<\/div>\n<\/div>\n<\/div>\n<\/div>\n<\/div>\n<\/div>\n<\/div>\n<p>[\/vc_column_text][\/vc_column][\/vc_row]<\/p>\n<\/div>","protected":false},"excerpt":{"rendered":"<p>[vc_row][vc_column][vc_column_text]La commission sp\u00e9cialis\u00e9e des dans et grades \u00e9quivalents a nomm\u00e9 apr\u00e8s appel \u00e0 candidature David Rigail r\u00e9f\u00e9rent Krav Maga, Jean G\u00e9rald Lubrano r\u00e9f\u00e9rent Arts Martiaux Vietnamiens et Rapha\u00ebl Andreo r\u00e9f\u00e9rent Wushu. Pour l&rsquo;ann\u00e9e 2018, Le comit\u00e9 de l&rsquo;H\u00e9rault pourra d\u00e9velopper sa commission des grades en incorporant des disciplines affinitaires de la f\u00e9d\u00e9ration fran\u00e7aise de Karat\u00e9. [&hellip;]<\/p>\n","protected":false},"author":88,"featured_media":0,"comment_status":"closed","ping_status":"closed","sticky":false,"template":"","format":"standard","meta":{"footnotes":""},"categories":[1],"tags":[],"class_list":["post-699","post","type-post","status-publish","format-standard","hentry","category-non-classe"],"_links":{"self":[{"href":"https:\/\/sites.ffkarate.fr\/herault\/wp-json\/wp\/v2\/posts\/699","targetHints":{"allow":["GET"]}}],"collection":[{"href":"https:\/\/sites.ffkarate.fr\/herault\/wp-json\/wp\/v2\/posts"}],"about":[{"href":"https:\/\/sites.ffkarate.fr\/herault\/wp-json\/wp\/v2\/types\/post"}],"author":[{"embeddable":true,"href":"https:\/\/sites.ffkarate.fr\/herault\/wp-json\/wp\/v2\/users\/88"}],"replies":[{"embeddable":true,"href":"https:\/\/sites.ffkarate.fr\/herault\/wp-json\/wp\/v2\/comments?post=699"}],"version-history":[{"count":0,"href":"https:\/\/sites.ffkarate.fr\/herault\/wp-json\/wp\/v2\/posts\/699\/revisions"}],"wp:attachment":[{"href":"https:\/\/sites.ffkarate.fr\/herault\/wp-json\/wp\/v2\/media?parent=699"}],"wp:term":[{"taxonomy":"category","embeddable":true,"href":"https:\/\/sites.ffkarate.fr\/herault\/wp-json\/wp\/v2\/categories?post=699"},{"taxonomy":"post_tag","embeddable":true,"href":"https:\/\/sites.ffkarate.fr\/herault\/wp-json\/wp\/v2\/tags?post=699"}],"curies":[{"name":"wp","href":"https:\/\/api.w.org\/{rel}","templated":true}]}}