{"id":848,"date":"2018-02-16T23:35:55","date_gmt":"2018-02-16T22:35:55","guid":{"rendered":"https:\/\/sites.ffkarate.fr\/herault\/?post_type=news&amp;p=848"},"modified":"2018-02-16T23:35:55","modified_gmt":"2018-02-16T22:35:55","slug":"stage-feminin-darts-martiaux-a-paulhan-le-mercredi-7-mars","status":"publish","type":"post","link":"https:\/\/sites.ffkarate.fr\/herault\/2018\/02\/16\/stage-feminin-darts-martiaux-a-paulhan-le-mercredi-7-mars\/","title":{"rendered":"Stage f\u00e9minin d&rsquo;arts martiaux \u00e0 Paulhan le mercredi 7 mars"},"content":{"rendered":"<div class=\"wpb-content-wrapper\"><p>[vc_row][vc_column][vc_column_text]Le Comit\u00e9 de l&rsquo;H\u00e9rault organise un stage f\u00e9minin gratuit exclusivement r\u00e9serv\u00e9 aux pratiquantes d&rsquo;arts martiaux toutes disciplines confondues. Nous vous attendons nombreuses.<\/p>\n<p><a href=\"https:\/\/sites.ffkarate.fr\/herault\/wp-content\/uploads\/sites\/62\/2018\/02\/stage-feminin.jpg\"><img decoding=\"async\" class=\"aligncenter size-full wp-image-849\" src=\"https:\/\/sites.ffkarate.fr\/herault\/wp-content\/uploads\/sites\/62\/2018\/02\/stage-feminin.jpg\" alt=\"stage-feminin\" width=\"679\" height=\"960\" \/><\/a>[\/vc_column_text][\/vc_column][\/vc_row]<\/p>\n<\/div>","protected":false},"excerpt":{"rendered":"<p>[vc_row][vc_column][vc_column_text]Le Comit\u00e9 de l&rsquo;H\u00e9rault organise un stage f\u00e9minin gratuit exclusivement r\u00e9serv\u00e9 aux pratiquantes d&rsquo;arts martiaux toutes disciplines confondues. Nous vous attendons nombreuses. [\/vc_column_text][\/vc_column][\/vc_row]<\/p>\n","protected":false},"author":88,"featured_media":849,"comment_status":"closed","ping_status":"closed","sticky":false,"template":"","format":"standard","meta":{"footnotes":""},"categories":[1],"tags":[],"class_list":["post-848","post","type-post","status-publish","format-standard","hentry","category-non-classe"],"_links":{"self":[{"href":"https:\/\/sites.ffkarate.fr\/herault\/wp-json\/wp\/v2\/posts\/848","targetHints":{"allow":["GET"]}}],"collection":[{"href":"https:\/\/sites.ffkarate.fr\/herault\/wp-json\/wp\/v2\/posts"}],"about":[{"href":"https:\/\/sites.ffkarate.fr\/herault\/wp-json\/wp\/v2\/types\/post"}],"author":[{"embeddable":true,"href":"https:\/\/sites.ffkarate.fr\/herault\/wp-json\/wp\/v2\/users\/88"}],"replies":[{"embeddable":true,"href":"https:\/\/sites.ffkarate.fr\/herault\/wp-json\/wp\/v2\/comments?post=848"}],"version-history":[{"count":0,"href":"https:\/\/sites.ffkarate.fr\/herault\/wp-json\/wp\/v2\/posts\/848\/revisions"}],"wp:featuredmedia":[{"embeddable":true,"href":"https:\/\/sites.ffkarate.fr\/herault\/wp-json\/wp\/v2\/media\/849"}],"wp:attachment":[{"href":"https:\/\/sites.ffkarate.fr\/herault\/wp-json\/wp\/v2\/media?parent=848"}],"wp:term":[{"taxonomy":"category","embeddable":true,"href":"https:\/\/sites.ffkarate.fr\/herault\/wp-json\/wp\/v2\/categories?post=848"},{"taxonomy":"post_tag","embeddable":true,"href":"https:\/\/sites.ffkarate.fr\/herault\/wp-json\/wp\/v2\/tags?post=848"}],"curies":[{"name":"wp","href":"https:\/\/api.w.org\/{rel}","templated":true}]}}