{"id":955,"date":"2018-04-09T11:24:34","date_gmt":"2018-04-09T09:24:34","guid":{"rendered":"https:\/\/sites.ffkarate.fr\/herault\/?post_type=news&amp;p=955"},"modified":"2018-04-09T11:24:34","modified_gmt":"2018-04-09T09:24:34","slug":"pres-de-130-competiteurs-reunis-a-lopen-ppb-a-montpellier","status":"publish","type":"post","link":"https:\/\/sites.ffkarate.fr\/herault\/2018\/04\/09\/pres-de-130-competiteurs-reunis-a-lopen-ppb-a-montpellier\/","title":{"rendered":"Pr\u00e8s de 130 comp\u00e9titeurs r\u00e9unis \u00e0 l&rsquo;Open PPB \u00e0 Montpellier"},"content":{"rendered":"<div class=\"wpb-content-wrapper\"><p>[vc_row][vc_column][vc_column_text]Presque 130 comp\u00e9titeurs ont \u00e9t\u00e9 accueillis ce dimanche 8 avril \u00e0 Montpellier lors de l&rsquo;Open Poussins Pupilles Benjamins organis\u00e9 par le Comit\u00e9 de l&rsquo;H\u00e9rault de Karat\u00e9.<\/p>\n<p>Nous tenons \u00e0 remercier le Conseil G\u00e9n\u00e9ral de l&rsquo;H\u00e9rault pour son soutien, les membres et responsables du comit\u00e9 investis dans l&rsquo;organisation, les b\u00e9n\u00e9voles, et tous les arbitres dont nos amis venus sp\u00e9cialement de l&rsquo;Aude.<\/p>\n<p>Une tr\u00e8s belle journ\u00e9e avec un public venu tr\u00e8s nombreux et une r\u00e9ussite au service de nos jeunes karat\u00e9kas qui ont livr\u00e9 de tr\u00e8s belles prestations.<\/p>\n<p>L&rsquo;Open Para-Karat\u00e9 a \u00e9t\u00e9 organis\u00e9 le m\u00eame jour. Jordan, Marion et C\u00e9dric ont r\u00e9alis\u00e9 plusieurs prestations kata tr\u00e8s appr\u00e9ci\u00e9es du public et des karat\u00e9kas pr\u00e9sents. F\u00e9licitations \u00e0 eux trois et merci. Jordan fait d&rsquo;ailleurs partie de l&rsquo;\u00e9quipe de France para et se pr\u00e9pare pour les prochains championnats internationaux<\/p>\n<p><a href=\"https:\/\/sites.ffkarate.fr\/herault\/wp-content\/uploads\/sites\/62\/2018\/04\/CD34-1.jpg\"><img decoding=\"async\" class=\"aligncenter size-full wp-image-956\" src=\"https:\/\/sites.ffkarate.fr\/herault\/wp-content\/uploads\/sites\/62\/2018\/04\/CD34-1.jpg\" alt=\"CD34-1\" width=\"960\" height=\"540\" \/><\/a> <a href=\"https:\/\/sites.ffkarate.fr\/herault\/wp-content\/uploads\/sites\/62\/2018\/04\/CD34-2.jpg\"><img decoding=\"async\" class=\"aligncenter size-large wp-image-957\" src=\"https:\/\/sites.ffkarate.fr\/herault\/wp-content\/uploads\/sites\/62\/2018\/04\/CD34-2.jpg\" alt=\"CD34-2\" width=\"640\" height=\"360\" \/><\/a> <a href=\"https:\/\/sites.ffkarate.fr\/herault\/wp-content\/uploads\/sites\/62\/2018\/04\/CD34-3.jpg\"><img decoding=\"async\" class=\"aligncenter size-large wp-image-958\" src=\"https:\/\/sites.ffkarate.fr\/herault\/wp-content\/uploads\/sites\/62\/2018\/04\/CD34-3.jpg\" alt=\"CD34-3\" width=\"640\" height=\"480\" \/><\/a> <a href=\"https:\/\/sites.ffkarate.fr\/herault\/wp-content\/uploads\/sites\/62\/2018\/04\/CD34-4.jpg\"><img decoding=\"async\" class=\"aligncenter size-large wp-image-959\" src=\"https:\/\/sites.ffkarate.fr\/herault\/wp-content\/uploads\/sites\/62\/2018\/04\/CD34-4.jpg\" alt=\"CD34-4\" width=\"640\" height=\"360\" \/><\/a> <a href=\"https:\/\/sites.ffkarate.fr\/herault\/wp-content\/uploads\/sites\/62\/2018\/04\/CD34-5.jpg\"><img decoding=\"async\" class=\"aligncenter size-large wp-image-960\" src=\"https:\/\/sites.ffkarate.fr\/herault\/wp-content\/uploads\/sites\/62\/2018\/04\/CD34-5.jpg\" alt=\"CD34-5\" width=\"640\" height=\"360\" \/><\/a>[\/vc_column_text][\/vc_column][\/vc_row]<\/p>\n<\/div>","protected":false},"excerpt":{"rendered":"<p>[vc_row][vc_column][vc_column_text]Presque 130 comp\u00e9titeurs ont \u00e9t\u00e9 accueillis ce dimanche 8 avril \u00e0 Montpellier lors de l&rsquo;Open Poussins Pupilles Benjamins organis\u00e9 par le Comit\u00e9 de l&rsquo;H\u00e9rault de Karat\u00e9. Nous tenons \u00e0 remercier le Conseil G\u00e9n\u00e9ral de l&rsquo;H\u00e9rault pour son soutien, les membres et responsables du comit\u00e9 investis dans l&rsquo;organisation, les b\u00e9n\u00e9voles, et tous les arbitres dont nos [&hellip;]<\/p>\n","protected":false},"author":88,"featured_media":961,"comment_status":"closed","ping_status":"closed","sticky":false,"template":"","format":"standard","meta":{"footnotes":""},"categories":[1],"tags":[],"class_list":["post-955","post","type-post","status-publish","format-standard","hentry","category-non-classe"],"_links":{"self":[{"href":"https:\/\/sites.ffkarate.fr\/herault\/wp-json\/wp\/v2\/posts\/955","targetHints":{"allow":["GET"]}}],"collection":[{"href":"https:\/\/sites.ffkarate.fr\/herault\/wp-json\/wp\/v2\/posts"}],"about":[{"href":"https:\/\/sites.ffkarate.fr\/herault\/wp-json\/wp\/v2\/types\/post"}],"author":[{"embeddable":true,"href":"https:\/\/sites.ffkarate.fr\/herault\/wp-json\/wp\/v2\/users\/88"}],"replies":[{"embeddable":true,"href":"https:\/\/sites.ffkarate.fr\/herault\/wp-json\/wp\/v2\/comments?post=955"}],"version-history":[{"count":0,"href":"https:\/\/sites.ffkarate.fr\/herault\/wp-json\/wp\/v2\/posts\/955\/revisions"}],"wp:featuredmedia":[{"embeddable":true,"href":"https:\/\/sites.ffkarate.fr\/herault\/wp-json\/wp\/v2\/media\/961"}],"wp:attachment":[{"href":"https:\/\/sites.ffkarate.fr\/herault\/wp-json\/wp\/v2\/media?parent=955"}],"wp:term":[{"taxonomy":"category","embeddable":true,"href":"https:\/\/sites.ffkarate.fr\/herault\/wp-json\/wp\/v2\/categories?post=955"},{"taxonomy":"post_tag","embeddable":true,"href":"https:\/\/sites.ffkarate.fr\/herault\/wp-json\/wp\/v2\/tags?post=955"}],"curies":[{"name":"wp","href":"https:\/\/api.w.org\/{rel}","templated":true}]}}