{"id":2285,"date":"2021-01-17T13:05:30","date_gmt":"2021-01-17T12:05:30","guid":{"rendered":"https:\/\/sites.ffkarate.fr\/iledefrance\/?post_type=news&amp;p=2285"},"modified":"2021-01-17T13:05:30","modified_gmt":"2021-01-17T12:05:30","slug":"nouvelle-possibilites-de-sinscrire-a-la-session-dif-777891929394","status":"publish","type":"post","link":"https:\/\/sites.ffkarate.fr\/iledefrance\/2021\/01\/17\/nouvelle-possibilites-de-sinscrire-a-la-session-dif-777891929394\/","title":{"rendered":"NOUVELLES POSSIBILITES DE S&rsquo;INSCRIRE A LA SESSION DIF (77\/78\/91\/92\/93\/94\/95)"},"content":{"rendered":"<div class=\"wpb-content-wrapper\"><p>[vc_row][vc_column][vc_column_text]<a href=\"https:\/\/sites.ffkarate.fr\/iledefrance\/wp-content\/uploads\/sites\/115\/2021\/01\/DIF-IMAGE.jpg\"><img decoding=\"async\" class=\"alignleft size-full wp-image-2284\" src=\"https:\/\/sites.ffkarate.fr\/iledefrance\/wp-content\/uploads\/sites\/115\/2021\/01\/DIF-IMAGE.jpg\" alt=\"DIF IMAGE\" width=\"1024\" height=\"613\" \/><\/a><\/p>\n<p>Une prolongation des inscriptions aux sessions DIF des d\u00e9partements (77\/78\/91\/92\/93\/94\/95), celles-ci ne d\u00e9butant au plus t\u00f4t fin f\u00e9vrier et au vu de la situation sanitaire, nous r\u00e9ouvrons les inscriptions jusqu&rsquo;au 07 f\u00e9vrier 2021 pour ceux ou celles qui le souhaiteraient.<\/p>\n<p><a href=\"https:\/\/sites.ffkarate.fr\/iledefrance\/dif\/\">informations et inscriptions ici<\/a><\/p>\n<p>&nbsp;[\/vc_column_text][\/vc_column][\/vc_row]<\/p>\n<\/div>","protected":false},"excerpt":{"rendered":"<p>[vc_row][vc_column][vc_column_text] Une prolongation des inscriptions aux sessions DIF des d\u00e9partements (77\/78\/91\/92\/93\/94\/95), celles-ci ne d\u00e9butant au plus t\u00f4t fin f\u00e9vrier et au vu de la situation sanitaire, nous r\u00e9ouvrons les inscriptions jusqu&rsquo;au 07 f\u00e9vrier 2021 pour ceux ou celles qui le souhaiteraient. informations et inscriptions ici &nbsp;[\/vc_column_text][\/vc_column][\/vc_row]<\/p>\n","protected":false},"author":61,"featured_media":2284,"comment_status":"closed","ping_status":"closed","sticky":false,"template":"","format":"standard","meta":{"footnotes":""},"categories":[1],"tags":[],"class_list":["post-2285","post","type-post","status-publish","format-standard","hentry","category-non-classe"],"_links":{"self":[{"href":"https:\/\/sites.ffkarate.fr\/iledefrance\/wp-json\/wp\/v2\/posts\/2285","targetHints":{"allow":["GET"]}}],"collection":[{"href":"https:\/\/sites.ffkarate.fr\/iledefrance\/wp-json\/wp\/v2\/posts"}],"about":[{"href":"https:\/\/sites.ffkarate.fr\/iledefrance\/wp-json\/wp\/v2\/types\/post"}],"author":[{"embeddable":true,"href":"https:\/\/sites.ffkarate.fr\/iledefrance\/wp-json\/wp\/v2\/users\/61"}],"replies":[{"embeddable":true,"href":"https:\/\/sites.ffkarate.fr\/iledefrance\/wp-json\/wp\/v2\/comments?post=2285"}],"version-history":[{"count":0,"href":"https:\/\/sites.ffkarate.fr\/iledefrance\/wp-json\/wp\/v2\/posts\/2285\/revisions"}],"wp:featuredmedia":[{"embeddable":true,"href":"https:\/\/sites.ffkarate.fr\/iledefrance\/wp-json\/wp\/v2\/media\/2284"}],"wp:attachment":[{"href":"https:\/\/sites.ffkarate.fr\/iledefrance\/wp-json\/wp\/v2\/media?parent=2285"}],"wp:term":[{"taxonomy":"category","embeddable":true,"href":"https:\/\/sites.ffkarate.fr\/iledefrance\/wp-json\/wp\/v2\/categories?post=2285"},{"taxonomy":"post_tag","embeddable":true,"href":"https:\/\/sites.ffkarate.fr\/iledefrance\/wp-json\/wp\/v2\/tags?post=2285"}],"curies":[{"name":"wp","href":"https:\/\/api.w.org\/{rel}","templated":true}]}}