{"id":2392,"date":"2021-03-26T11:16:45","date_gmt":"2021-03-26T10:16:45","guid":{"rendered":"https:\/\/sites.ffkarate.fr\/iledefrance\/?post_type=news&amp;p=2392"},"modified":"2021-03-26T11:16:45","modified_gmt":"2021-03-26T10:16:45","slug":"reunion-des-responsables-de-larbitrage-des-departements-de-lidf","status":"publish","type":"post","link":"https:\/\/sites.ffkarate.fr\/iledefrance\/2021\/03\/26\/reunion-des-responsables-de-larbitrage-des-departements-de-lidf\/","title":{"rendered":"REUNION DES RESPONSABLES DE L&rsquo;ARBITRAGE DES DEPARTEMENTS DE L&rsquo;IDF"},"content":{"rendered":"<div class=\"wpb-content-wrapper\"><p>[vc_row][vc_column][vc_column_text]<\/p>\n<p style=\"text-align: left\">La semaine derni\u00e8re a eu lieu une r\u00e9union des responsables de l&rsquo;arbitrages des 8 d\u00e9partements de l&rsquo;Ile de France lors du cession Zoom organis\u00e9e par Mr Hugues MICHOLET (responsable de l&rsquo;arbitrage IDF).<!--more--><\/p>\n<p style=\"text-align: left\">Le but \u00e9tait tout d&rsquo;abord de travailler sur une demande de la CNA, la mise en place de la e-comp\u00e9tition Kata, mais \u00e9galement de pr\u00e9parer la reprise tout en gardant le lien.<\/p>\n<p style=\"text-align: left\">Une ambiance studieuse, vos responsables sont \u00e0 pieds d&rsquo;\u0153uvre pour \u00eatre pr\u00e9sent aupr\u00e8s de leurs effectifs. Une nouvelle r\u00e9union est d&rsquo;ores et d\u00e9j\u00e0 programm\u00e9e le mois prochain.<\/p>\n<p style=\"text-align: left\">Un trombinoscope a \u00e9t\u00e9 r\u00e9alis\u00e9 pour une meilleure lisibilit\u00e9 de l&rsquo;organigramme\u00a0arbitrale de l&rsquo;IDF.<\/p>\n<p style=\"text-align: left\"><a href=\"https:\/\/sites.ffkarate.fr\/iledefrance\/wp-content\/uploads\/sites\/115\/2018\/12\/Commission-Regionale-dArbitrage-IDF-V11.jpg\"><img decoding=\"async\" class=\"aligncenter wp-image-2386\" src=\"https:\/\/sites.ffkarate.fr\/iledefrance\/wp-content\/uploads\/sites\/115\/2018\/12\/Commission-Regionale-dArbitrage-IDF-V11-1024x723.jpg\" alt=\"Commission R\u00e9gionale dArbitrage IDF V1\" width=\"600\" height=\"424\" \/><\/a><\/p>\n<p>[\/vc_column_text][\/vc_column][\/vc_row]<\/p>\n<\/div>","protected":false},"excerpt":{"rendered":"<p>[vc_row][vc_column][vc_column_text] La semaine derni\u00e8re a eu lieu une r\u00e9union des responsables de l&rsquo;arbitrages des 8 d\u00e9partements de l&rsquo;Ile de France lors du cession Zoom organis\u00e9e par Mr Hugues MICHOLET (responsable de l&rsquo;arbitrage IDF).<\/p>\n","protected":false},"author":61,"featured_media":2386,"comment_status":"closed","ping_status":"closed","sticky":false,"template":"","format":"standard","meta":{"footnotes":""},"categories":[1],"tags":[],"class_list":["post-2392","post","type-post","status-publish","format-standard","hentry","category-non-classe"],"_links":{"self":[{"href":"https:\/\/sites.ffkarate.fr\/iledefrance\/wp-json\/wp\/v2\/posts\/2392","targetHints":{"allow":["GET"]}}],"collection":[{"href":"https:\/\/sites.ffkarate.fr\/iledefrance\/wp-json\/wp\/v2\/posts"}],"about":[{"href":"https:\/\/sites.ffkarate.fr\/iledefrance\/wp-json\/wp\/v2\/types\/post"}],"author":[{"embeddable":true,"href":"https:\/\/sites.ffkarate.fr\/iledefrance\/wp-json\/wp\/v2\/users\/61"}],"replies":[{"embeddable":true,"href":"https:\/\/sites.ffkarate.fr\/iledefrance\/wp-json\/wp\/v2\/comments?post=2392"}],"version-history":[{"count":0,"href":"https:\/\/sites.ffkarate.fr\/iledefrance\/wp-json\/wp\/v2\/posts\/2392\/revisions"}],"wp:featuredmedia":[{"embeddable":true,"href":"https:\/\/sites.ffkarate.fr\/iledefrance\/wp-json\/wp\/v2\/media\/2386"}],"wp:attachment":[{"href":"https:\/\/sites.ffkarate.fr\/iledefrance\/wp-json\/wp\/v2\/media?parent=2392"}],"wp:term":[{"taxonomy":"category","embeddable":true,"href":"https:\/\/sites.ffkarate.fr\/iledefrance\/wp-json\/wp\/v2\/categories?post=2392"},{"taxonomy":"post_tag","embeddable":true,"href":"https:\/\/sites.ffkarate.fr\/iledefrance\/wp-json\/wp\/v2\/tags?post=2392"}],"curies":[{"name":"wp","href":"https:\/\/api.w.org\/{rel}","templated":true}]}}