{"id":2464,"date":"2021-04-12T20:59:43","date_gmt":"2021-04-12T18:59:43","guid":{"rendered":"https:\/\/sites.ffkarate.fr\/iledefrance\/?post_type=news&amp;p=2464"},"modified":"2021-04-12T20:59:43","modified_gmt":"2021-04-12T18:59:43","slug":"e-competition-kata-idf-2","status":"publish","type":"post","link":"https:\/\/sites.ffkarate.fr\/iledefrance\/2021\/04\/12\/e-competition-kata-idf-2\/","title":{"rendered":"E-COMPETITION KATA IDF"},"content":{"rendered":"<div class=\"wpb-content-wrapper\"><p>[vc_row][vc_column][vc_column_text]La\u00a0<span style=\"color: #1423a0\"><strong>Ligue Ile-De-France<\/strong><\/span>\u00a0a mis en place sa premi\u00e8re\u00a0<span style=\"color: #dc2d5a\"><strong>E-comp\u00e9tition Kat<\/strong><strong>a<\/strong><span style=\"color: #000000\">. La date limite pour l&rsquo;envoi des vid\u00e9os \u00e9tait le <strong>dimanche 11 avril 2021<\/strong>.<\/span><\/span><\/p>\n<p><!--more--><\/p>\n<p>La Ligue IDF est fi\u00e8re puisque <span style=\"color: #1423a0\"><strong>210 comp\u00e9titeurs<\/strong> <\/span>de <span style=\"color: #dc2d5a\"><strong>40 clubs<\/strong><\/span> diff\u00e9rents ont envoy\u00e9s leurs vid\u00e9os. Les pupilles, benjamins et minimes sont les cat\u00e9gories les plus repr\u00e9sent\u00e9es.<\/p>\n<p>Prochaine \u00e9tape, <span style=\"color: #1423a0\"><strong>samedi 17 avril 2021<\/strong><\/span> avec le visionnage des katas par des juges. Le classement par cat\u00e9gorie ainsi que les dipl\u00f4mes de participation avec les notes et classements de chacun seront communiqu\u00e9s en d\u00e9but de semaine suivant le visionnage &#8211; <em>dans le m\u00eame temps, les comp\u00e9titeurs finalistes seront contact\u00e9s pour l&rsquo;envoi de leur seconde vid\u00e9o<\/em>.<\/p>\n<p>La <span style=\"color: #1423a0\"><strong>Ligue Ile-De-France<\/strong><\/span>\u00a0f\u00e9licite les participants et remercie les <span style=\"color: #1423a0\"><strong>professeurs<\/strong><\/span>, <span style=\"color: #dc2d5a;font-weight: bold\">dirigeants<\/span><span style=\"color: #000000\">\u00a0ayant particip\u00e9<\/span><span style=\"color: #000000\">\u00a0s<\/span>ans oublier les <strong><span style=\"color: #dc2d5a\">parents<\/span><\/strong> pour leurs aides pr\u00e9cieuses permettant \u00e0 chaque\u00a0comp\u00e9titeur la r\u00e9alisation de leur performance.<\/p>\n<p><a href=\"https:\/\/sites.ffkarate.fr\/iledefrance\/wp-content\/uploads\/sites\/115\/2021\/04\/20210318_E-KATA_IDF_News_V1.1.png\"><img decoding=\"async\" class=\"aligncenter wp-image-2466\" src=\"https:\/\/sites.ffkarate.fr\/iledefrance\/wp-content\/uploads\/sites\/115\/2021\/04\/20210318_E-KATA_IDF_News_V1.1.png\" alt=\"20210318_E-KATA_IDF_News_V1.1\" width=\"600\" height=\"536\" \/><\/a>[\/vc_column_text][\/vc_column][\/vc_row]<\/p>\n<\/div>","protected":false},"excerpt":{"rendered":"<p>[vc_row][vc_column][vc_column_text]La\u00a0Ligue Ile-De-France\u00a0a mis en place sa premi\u00e8re\u00a0E-comp\u00e9tition Kata. La date limite pour l&rsquo;envoi des vid\u00e9os \u00e9tait le dimanche 11 avril 2021.<\/p>\n","protected":false},"author":61,"featured_media":2466,"comment_status":"closed","ping_status":"closed","sticky":false,"template":"","format":"standard","meta":{"footnotes":""},"categories":[1],"tags":[],"class_list":["post-2464","post","type-post","status-publish","format-standard","hentry","category-non-classe"],"_links":{"self":[{"href":"https:\/\/sites.ffkarate.fr\/iledefrance\/wp-json\/wp\/v2\/posts\/2464","targetHints":{"allow":["GET"]}}],"collection":[{"href":"https:\/\/sites.ffkarate.fr\/iledefrance\/wp-json\/wp\/v2\/posts"}],"about":[{"href":"https:\/\/sites.ffkarate.fr\/iledefrance\/wp-json\/wp\/v2\/types\/post"}],"author":[{"embeddable":true,"href":"https:\/\/sites.ffkarate.fr\/iledefrance\/wp-json\/wp\/v2\/users\/61"}],"replies":[{"embeddable":true,"href":"https:\/\/sites.ffkarate.fr\/iledefrance\/wp-json\/wp\/v2\/comments?post=2464"}],"version-history":[{"count":0,"href":"https:\/\/sites.ffkarate.fr\/iledefrance\/wp-json\/wp\/v2\/posts\/2464\/revisions"}],"wp:featuredmedia":[{"embeddable":true,"href":"https:\/\/sites.ffkarate.fr\/iledefrance\/wp-json\/wp\/v2\/media\/2466"}],"wp:attachment":[{"href":"https:\/\/sites.ffkarate.fr\/iledefrance\/wp-json\/wp\/v2\/media?parent=2464"}],"wp:term":[{"taxonomy":"category","embeddable":true,"href":"https:\/\/sites.ffkarate.fr\/iledefrance\/wp-json\/wp\/v2\/categories?post=2464"},{"taxonomy":"post_tag","embeddable":true,"href":"https:\/\/sites.ffkarate.fr\/iledefrance\/wp-json\/wp\/v2\/tags?post=2464"}],"curies":[{"name":"wp","href":"https:\/\/api.w.org\/{rel}","templated":true}]}}