{"id":3967,"date":"2023-11-24T12:32:53","date_gmt":"2023-11-24T11:32:53","guid":{"rendered":"https:\/\/sites.ffkarate.fr\/iledefrance\/?p=3967"},"modified":"2023-11-24T12:33:50","modified_gmt":"2023-11-24T11:33:50","slug":"application-labaz-quand-tu-ne-rates-aucun-bon-plan-de-ta-region","status":"publish","type":"post","link":"https:\/\/sites.ffkarate.fr\/iledefrance\/2023\/11\/24\/application-labaz-quand-tu-ne-rates-aucun-bon-plan-de-ta-region\/","title":{"rendered":"Application LABAZ Quand tu ne rates aucun bon plan de ta r\u00e9gion"},"content":{"rendered":"<div class=\"wpb-content-wrapper\"><p>[vc_row][vc_column][vc_column_text]La Pr\u00e9sidente de R\u00e9gion, Val\u00e9rie P\u00e9cresse, a d\u00e9clar\u00e9 l&rsquo;ann\u00e9e 2023 \u00ab\u00a0ann\u00e9e de la Jeunesse\u00a0\u00bb. Dans ce cadre,\u00a0<strong>la R\u00e9gion \u00cele-de-France\u00a0<\/strong><strong>a\u00a0<\/strong><strong>lanc<\/strong><strong>\u00e9<\/strong><strong>\u00a0une aide de 100 \u20ac afin de faciliter et renforcer l&rsquo;acc\u00e8s des jeunes franciliens de 15 \u00e0 17 ans aux pratiques sportives et culturelles.<\/strong><\/p>\n<p><strong>Elle est disponible\u00a0via l&rsquo;application LABAZ<\/strong>, mise en place par la R\u00e9gion \u00cele-de-France.<\/p>\n<p>Strictement personnelle et sans\u00a0condition de ressources, cette aide est utilisable en plusieurs fois. Elle peut servir \u00e0\u00a0<strong>renouveler une inscription, payer une licence sportive<\/strong>\u00a0(avant le 31 ao\u00fbt 2024),\u00a0<strong>d\u00e9couvrir une nouvelle activit\u00e9<\/strong>\u00a0au cours de l&rsquo;ann\u00e9e, ou\u00a0<strong>venir en d\u00e9duction de frais<\/strong>\u00a0li\u00e9s \u00e0 une pratique sportive (participation \u00e0 des comp\u00e9titions ou \u00e0 des stages par exemple).[\/vc_column_text][\/vc_column][\/vc_row][vc_row][vc_column][vc_single_image image=\u00a0\u00bb3968&Prime;][\/vc_column][\/vc_row]<\/p>\n<\/div>","protected":false},"excerpt":{"rendered":"<p>[vc_row][vc_column][vc_column_text]La Pr\u00e9sidente de R\u00e9gion, Val\u00e9rie P\u00e9cresse, a d\u00e9clar\u00e9 l&rsquo;ann\u00e9e 2023 \u00ab\u00a0ann\u00e9e de la Jeunesse\u00a0\u00bb. Dans ce cadre,\u00a0la R\u00e9gion \u00cele-de-France\u00a0a\u00a0lanc\u00e9\u00a0une aide de 100 \u20ac afin de faciliter et renforcer l&rsquo;acc\u00e8s des jeunes franciliens de 15 \u00e0 17 ans aux pratiques sportives et culturelles. Elle est disponible\u00a0via l&rsquo;application LABAZ, mise en place par la R\u00e9gion \u00cele-de-France. Strictement [&hellip;]<\/p>\n","protected":false},"author":225,"featured_media":0,"comment_status":"closed","ping_status":"closed","sticky":false,"template":"","format":"standard","meta":{"footnotes":""},"categories":[1],"tags":[],"class_list":["post-3967","post","type-post","status-publish","format-standard","hentry","category-non-classe"],"_links":{"self":[{"href":"https:\/\/sites.ffkarate.fr\/iledefrance\/wp-json\/wp\/v2\/posts\/3967","targetHints":{"allow":["GET"]}}],"collection":[{"href":"https:\/\/sites.ffkarate.fr\/iledefrance\/wp-json\/wp\/v2\/posts"}],"about":[{"href":"https:\/\/sites.ffkarate.fr\/iledefrance\/wp-json\/wp\/v2\/types\/post"}],"author":[{"embeddable":true,"href":"https:\/\/sites.ffkarate.fr\/iledefrance\/wp-json\/wp\/v2\/users\/225"}],"replies":[{"embeddable":true,"href":"https:\/\/sites.ffkarate.fr\/iledefrance\/wp-json\/wp\/v2\/comments?post=3967"}],"version-history":[{"count":2,"href":"https:\/\/sites.ffkarate.fr\/iledefrance\/wp-json\/wp\/v2\/posts\/3967\/revisions"}],"predecessor-version":[{"id":3970,"href":"https:\/\/sites.ffkarate.fr\/iledefrance\/wp-json\/wp\/v2\/posts\/3967\/revisions\/3970"}],"wp:attachment":[{"href":"https:\/\/sites.ffkarate.fr\/iledefrance\/wp-json\/wp\/v2\/media?parent=3967"}],"wp:term":[{"taxonomy":"category","embeddable":true,"href":"https:\/\/sites.ffkarate.fr\/iledefrance\/wp-json\/wp\/v2\/categories?post=3967"},{"taxonomy":"post_tag","embeddable":true,"href":"https:\/\/sites.ffkarate.fr\/iledefrance\/wp-json\/wp\/v2\/tags?post=3967"}],"curies":[{"name":"wp","href":"https:\/\/api.w.org\/{rel}","templated":true}]}}