{"id":4250,"date":"2024-03-19T11:35:24","date_gmt":"2024-03-19T10:35:24","guid":{"rendered":"https:\/\/sites.ffkarate.fr\/iledefrance\/?p=4250"},"modified":"2024-03-19T16:06:58","modified_gmt":"2024-03-19T15:06:58","slug":"championnat-de-france-des-ligues-regionales","status":"publish","type":"post","link":"https:\/\/sites.ffkarate.fr\/iledefrance\/2024\/03\/19\/championnat-de-france-des-ligues-regionales\/","title":{"rendered":"Championnat de France des ligues r\u00e9gionales"},"content":{"rendered":"<div class=\"wpb-content-wrapper\"><p>[vc_row][vc_column][vc_column_text]La ligue Ile de France s&rsquo;est encore distingu\u00e9e en remportant 2 m\u00e9dailles d&rsquo;or (cat\u00e9gorie senior mixte et minime cadet junior masculin) et 1 m\u00e9daille de bronze (cat\u00e9gorie minime cadet junior f\u00e9minine).<\/p>\n<p>Le pr\u00e9sident, Mr Philippe BOULET et l&rsquo;ensemble de la Ligue est tr\u00e8s fi\u00e8re de ses \u00e9quipes et f\u00e9licite ses jeunes karatekas.<\/p>\n<p>le pr\u00e9sident tient \u00e9galement \u00e0 remercier l&rsquo;ensemble des coaches, des entraineurs, des professeurs, et des Pr\u00e9sidents, qui dans leurs clubs font un travail remarquable afin d&rsquo;arriver \u00e0 ces r\u00e9sultats.[\/vc_column_text][\/vc_column][\/vc_row][vc_row][vc_column][vc_gallery images=\u00a0\u00bb4276,4275,4274,4273,4272,4271,4270,4269,4261,4262,4263,4264,4265,4266,4268,4267,4260,4259,4258,4257,4256,4255,4254,4253&Prime;][\/vc_column][\/vc_row]<\/p>\n<\/div>","protected":false},"excerpt":{"rendered":"<p>[vc_row][vc_column][vc_column_text]La ligue Ile de France s&rsquo;est encore distingu\u00e9e en remportant 2 m\u00e9dailles d&rsquo;or (cat\u00e9gorie senior mixte et minime cadet junior masculin) et 1 m\u00e9daille de bronze (cat\u00e9gorie minime cadet junior f\u00e9minine). Le pr\u00e9sident, Mr Philippe BOULET et l&rsquo;ensemble de la Ligue est tr\u00e8s fi\u00e8re de ses \u00e9quipes et f\u00e9licite ses jeunes karatekas. le pr\u00e9sident tient [&hellip;]<\/p>\n","protected":false},"author":225,"featured_media":0,"comment_status":"closed","ping_status":"closed","sticky":false,"template":"","format":"standard","meta":{"footnotes":""},"categories":[1],"tags":[],"class_list":["post-4250","post","type-post","status-publish","format-standard","hentry","category-non-classe"],"_links":{"self":[{"href":"https:\/\/sites.ffkarate.fr\/iledefrance\/wp-json\/wp\/v2\/posts\/4250","targetHints":{"allow":["GET"]}}],"collection":[{"href":"https:\/\/sites.ffkarate.fr\/iledefrance\/wp-json\/wp\/v2\/posts"}],"about":[{"href":"https:\/\/sites.ffkarate.fr\/iledefrance\/wp-json\/wp\/v2\/types\/post"}],"author":[{"embeddable":true,"href":"https:\/\/sites.ffkarate.fr\/iledefrance\/wp-json\/wp\/v2\/users\/225"}],"replies":[{"embeddable":true,"href":"https:\/\/sites.ffkarate.fr\/iledefrance\/wp-json\/wp\/v2\/comments?post=4250"}],"version-history":[{"count":4,"href":"https:\/\/sites.ffkarate.fr\/iledefrance\/wp-json\/wp\/v2\/posts\/4250\/revisions"}],"predecessor-version":[{"id":4278,"href":"https:\/\/sites.ffkarate.fr\/iledefrance\/wp-json\/wp\/v2\/posts\/4250\/revisions\/4278"}],"wp:attachment":[{"href":"https:\/\/sites.ffkarate.fr\/iledefrance\/wp-json\/wp\/v2\/media?parent=4250"}],"wp:term":[{"taxonomy":"category","embeddable":true,"href":"https:\/\/sites.ffkarate.fr\/iledefrance\/wp-json\/wp\/v2\/categories?post=4250"},{"taxonomy":"post_tag","embeddable":true,"href":"https:\/\/sites.ffkarate.fr\/iledefrance\/wp-json\/wp\/v2\/tags?post=4250"}],"curies":[{"name":"wp","href":"https:\/\/api.w.org\/{rel}","templated":true}]}}