{"id":4583,"date":"2024-06-24T21:55:28","date_gmt":"2024-06-24T19:55:28","guid":{"rendered":"https:\/\/sites.ffkarate.fr\/iledefrance\/?p=4583"},"modified":"2024-06-25T07:28:38","modified_gmt":"2024-06-25T05:28:38","slug":"cloture-de-la-saison-avec-lexamen-national-kumite-a","status":"publish","type":"post","link":"https:\/\/sites.ffkarate.fr\/iledefrance\/2024\/06\/24\/cloture-de-la-saison-avec-lexamen-national-kumite-a\/","title":{"rendered":"Cl\u00f4ture de la Saison avec l&rsquo;Examen National Kumite"},"content":{"rendered":"<div class=\"wpb-content-wrapper\"><p>[vc_row][vc_column][vc_column_text]Ce week-end, l&rsquo;examen <span style=\"color: #1423a0\"><strong>National Kumite A<\/strong><\/span> s&rsquo;est tenu \u00e0 <span style=\"color: #dc2d5a\"><strong>Villebon-sur-Yvette<\/strong><\/span> lors de la <span style=\"color: #1423a0\"><strong>Coupe de France des Corporations<\/strong><\/span>.<!--more--><\/p>\n<p><span style=\"color: #dc2d5a\"><strong>Dix candidats<\/strong><\/span> ont repr\u00e9sent\u00e9 l&rsquo;\u00cele-de-France avec l&rsquo;objectif d&rsquo;obtenir ce prestigieux titre.<\/p>\n<p>La <span style=\"color: #1423a0\"><strong>Ligue IDF<\/strong><\/span> a la grande joie et l&rsquo;immense fiert\u00e9 d&rsquo;accueillir <span style=\"color: #dc2d5a\"><strong>8 nouveaux Arbitres Nationaux A<\/strong><\/span> :<\/p>\n<ul>\n<li><strong>Arnaud BOSSEKO<\/strong><\/li>\n<li><strong>Arthur HAMEL<\/strong><\/li>\n<li><strong>Zoubida ARAB<\/strong><\/li>\n<li><strong>Cedrick WONG<\/strong><\/li>\n<li><strong>Micka\u00ebl JOSEPH <\/strong><\/li>\n<li><strong>Christelle GUILLAUME <\/strong><\/li>\n<\/ul>\n<p><span style=\"color: #1423a0\"><strong>Distinctions Sp\u00e9ciales :<\/strong><\/span><\/p>\n<ul>\n<li><strong>Alice GABET<\/strong> : 2\u00e8me place du podium<\/li>\n<li><strong>Farouk SACI<\/strong> : Major de la promotion<\/li>\n<\/ul>\n<p>Sans oublier :<\/p>\n<ul>\n<li><strong>Nancy IMBART<\/strong> : Arbitre National B<\/li>\n<\/ul>\n<p>Un grand bravo \u00e0 tous les candidats pour leur rigueur et leur investissement tout au long de cette formation. Nous tenons \u00e9galement \u00e0 remercier tous les acteurs qui ont contribu\u00e9 \u00e0 cette belle r\u00e9ussite.[\/vc_column_text][\/vc_column][\/vc_row]<\/p>\n<\/div>","protected":false},"excerpt":{"rendered":"<p>[vc_row][vc_column][vc_column_text]Ce week-end, l&rsquo;examen National Kumite A s&rsquo;est tenu \u00e0 Villebon-sur-Yvette lors de la Coupe de France des Corporations.<\/p>\n","protected":false},"author":87,"featured_media":4567,"comment_status":"closed","ping_status":"closed","sticky":false,"template":"","format":"standard","meta":{"footnotes":""},"categories":[8],"tags":[131],"class_list":["post-4583","post","type-post","status-publish","format-standard","hentry","category-arbitrage","tag-competitions"],"_links":{"self":[{"href":"https:\/\/sites.ffkarate.fr\/iledefrance\/wp-json\/wp\/v2\/posts\/4583","targetHints":{"allow":["GET"]}}],"collection":[{"href":"https:\/\/sites.ffkarate.fr\/iledefrance\/wp-json\/wp\/v2\/posts"}],"about":[{"href":"https:\/\/sites.ffkarate.fr\/iledefrance\/wp-json\/wp\/v2\/types\/post"}],"author":[{"embeddable":true,"href":"https:\/\/sites.ffkarate.fr\/iledefrance\/wp-json\/wp\/v2\/users\/87"}],"replies":[{"embeddable":true,"href":"https:\/\/sites.ffkarate.fr\/iledefrance\/wp-json\/wp\/v2\/comments?post=4583"}],"version-history":[{"count":4,"href":"https:\/\/sites.ffkarate.fr\/iledefrance\/wp-json\/wp\/v2\/posts\/4583\/revisions"}],"predecessor-version":[{"id":4588,"href":"https:\/\/sites.ffkarate.fr\/iledefrance\/wp-json\/wp\/v2\/posts\/4583\/revisions\/4588"}],"wp:featuredmedia":[{"embeddable":true,"href":"https:\/\/sites.ffkarate.fr\/iledefrance\/wp-json\/wp\/v2\/media\/4567"}],"wp:attachment":[{"href":"https:\/\/sites.ffkarate.fr\/iledefrance\/wp-json\/wp\/v2\/media?parent=4583"}],"wp:term":[{"taxonomy":"category","embeddable":true,"href":"https:\/\/sites.ffkarate.fr\/iledefrance\/wp-json\/wp\/v2\/categories?post=4583"},{"taxonomy":"post_tag","embeddable":true,"href":"https:\/\/sites.ffkarate.fr\/iledefrance\/wp-json\/wp\/v2\/tags?post=4583"}],"curies":[{"name":"wp","href":"https:\/\/api.w.org\/{rel}","templated":true}]}}