{"id":4958,"date":"2024-08-26T21:17:38","date_gmt":"2024-08-26T19:17:38","guid":{"rendered":"https:\/\/sites.ffkarate.fr\/iledefrance\/?p=4958"},"modified":"2024-08-26T21:22:00","modified_gmt":"2024-08-26T19:22:00","slug":"photos-stage-des-hauts-grades-24-25-08-2024","status":"publish","type":"post","link":"https:\/\/sites.ffkarate.fr\/iledefrance\/2024\/08\/26\/photos-stage-des-hauts-grades-24-25-08-2024\/","title":{"rendered":"Photos &#8211; Stage des hauts grad\u00e9s &#8211; 24-25.08.2024"},"content":{"rendered":"<div class=\"wpb-content-wrapper\"><p>[vc_row][vc_column][vc_column_text]Le <span style=\"color: #1423a0\"><strong>samedi 24<\/strong><\/span> et le <span style=\"color: #dc2d5a\"><strong>dimanche 25 ao\u00fbt 2024<\/strong><\/span>, le <span style=\"color: #1423a0\"><strong>stage des hauts grad\u00e9s<\/strong><\/span> s\u2019est tenu au <span style=\"color: #dc2d5a\"><strong>Centre National d\u2019Entra\u00eenement de Castelnau-le-Lez<\/strong><\/span> (<em>34<\/em>).<!--more--><\/p>\n<p>Notre pr\u00e9sident, <span style=\"color: #1423a0\"><strong>Alain GALANIA<\/strong><\/span>, ainsi qu\u2019<span style=\"color: #dc2d5a\"><strong>une vingtaine de licenci\u00e9s d\u2019\u00cele-de-France<\/strong><\/span> ont particip\u00e9 \u00e0 ce stage anim\u00e9 par <span style=\"color: #1423a0\"><strong>Dominique VALERA<\/strong><\/span>, <span style=\"color: #dc2d5a\"><strong>Jean Piere LAVORATO<\/strong><\/span>, <span style=\"color: #1423a0\"><strong>Bernard BILICKI<\/strong><\/span> et <span style=\"color: #dc2d5a\"><strong>Patrice BELRHITI<\/strong><\/span>.<\/p>\n<p>La <span style=\"color: #1423a0\"><strong>Ligue IDF de Karat\u00e9 &amp; DA<\/strong><\/span> les f\u00e9licite pour leur participation et les remercie de s\u2019\u00eatre d\u00e9plac\u00e9s jusqu\u2019au sud pour rencontrer ces quatre experts.[\/vc_column_text][vc_gallery images=\u00a0\u00bb4961,4963&Prime;][\/vc_column][\/vc_row]<\/p>\n<\/div>","protected":false},"excerpt":{"rendered":"<p>[vc_row][vc_column][vc_column_text]Le samedi 24 et le dimanche 25 ao\u00fbt 2024, le stage des hauts grad\u00e9s s\u2019est tenu au Centre National d\u2019Entra\u00eenement de Castelnau-le-Lez (34).<\/p>\n","protected":false},"author":87,"featured_media":4962,"comment_status":"closed","ping_status":"closed","sticky":false,"template":"","format":"standard","meta":{"footnotes":""},"categories":[19],"tags":[134],"class_list":["post-4958","post","type-post","status-publish","format-standard","hentry","category-stages","tag-stages"],"_links":{"self":[{"href":"https:\/\/sites.ffkarate.fr\/iledefrance\/wp-json\/wp\/v2\/posts\/4958","targetHints":{"allow":["GET"]}}],"collection":[{"href":"https:\/\/sites.ffkarate.fr\/iledefrance\/wp-json\/wp\/v2\/posts"}],"about":[{"href":"https:\/\/sites.ffkarate.fr\/iledefrance\/wp-json\/wp\/v2\/types\/post"}],"author":[{"embeddable":true,"href":"https:\/\/sites.ffkarate.fr\/iledefrance\/wp-json\/wp\/v2\/users\/87"}],"replies":[{"embeddable":true,"href":"https:\/\/sites.ffkarate.fr\/iledefrance\/wp-json\/wp\/v2\/comments?post=4958"}],"version-history":[{"count":3,"href":"https:\/\/sites.ffkarate.fr\/iledefrance\/wp-json\/wp\/v2\/posts\/4958\/revisions"}],"predecessor-version":[{"id":4964,"href":"https:\/\/sites.ffkarate.fr\/iledefrance\/wp-json\/wp\/v2\/posts\/4958\/revisions\/4964"}],"wp:featuredmedia":[{"embeddable":true,"href":"https:\/\/sites.ffkarate.fr\/iledefrance\/wp-json\/wp\/v2\/media\/4962"}],"wp:attachment":[{"href":"https:\/\/sites.ffkarate.fr\/iledefrance\/wp-json\/wp\/v2\/media?parent=4958"}],"wp:term":[{"taxonomy":"category","embeddable":true,"href":"https:\/\/sites.ffkarate.fr\/iledefrance\/wp-json\/wp\/v2\/categories?post=4958"},{"taxonomy":"post_tag","embeddable":true,"href":"https:\/\/sites.ffkarate.fr\/iledefrance\/wp-json\/wp\/v2\/tags?post=4958"}],"curies":[{"name":"wp","href":"https:\/\/api.w.org\/{rel}","templated":true}]}}