{"id":5063,"date":"2024-10-02T17:04:15","date_gmt":"2024-10-02T15:04:15","guid":{"rendered":"https:\/\/sites.ffkarate.fr\/iledefrance\/?p=5063"},"modified":"2024-10-03T13:26:38","modified_gmt":"2024-10-03T11:26:38","slug":"5063","status":"publish","type":"post","link":"https:\/\/sites.ffkarate.fr\/iledefrance\/2024\/10\/02\/5063\/","title":{"rendered":"OCTOBRE ROSE CDK78 ET LRIDF"},"content":{"rendered":"<div class=\"wpb-content-wrapper\"><p>[vc_row][vc_column][vc_column_text]<\/p>\n<h4><span style=\"color: #ff00ff\">Le CDK78 en association avec la Ligue IDF de Karat\u00e9 et DA organise un \u00e9v\u00e9nement dans le cadre d&rsquo;Octobre Rose.<\/span><\/h4>\n<p><span style=\"color: #ff00ff\">Samedi 19 octobre de 9h30 \u00e0 12h00.<\/span><br \/>\n<span style=\"color: #ff00ff\">Gymnase Pellouard, 60 rue Caruel de St Martin 78150 Le Chesnay-Rocquencourt<\/span>[\/vc_column_text][\/vc_column][\/vc_row]<\/p>\n<\/div>","protected":false},"excerpt":{"rendered":"<p>[vc_row][vc_column][vc_column_text] Le CDK78 en association avec la Ligue IDF de Karat\u00e9 et DA organise un \u00e9v\u00e9nement dans le cadre d&rsquo;Octobre Rose. Samedi 19 octobre de 9h30 \u00e0 12h00. Gymnase Pellouard, 60 rue Caruel de St Martin 78150 Le Chesnay-Rocquencourt[\/vc_column_text][\/vc_column][\/vc_row]<\/p>\n","protected":false},"author":28,"featured_media":5062,"comment_status":"closed","ping_status":"closed","sticky":false,"template":"","format":"standard","meta":{"footnotes":""},"categories":[138],"tags":[],"class_list":["post-5063","post","type-post","status-publish","format-standard","hentry","category-octobre-rose"],"_links":{"self":[{"href":"https:\/\/sites.ffkarate.fr\/iledefrance\/wp-json\/wp\/v2\/posts\/5063","targetHints":{"allow":["GET"]}}],"collection":[{"href":"https:\/\/sites.ffkarate.fr\/iledefrance\/wp-json\/wp\/v2\/posts"}],"about":[{"href":"https:\/\/sites.ffkarate.fr\/iledefrance\/wp-json\/wp\/v2\/types\/post"}],"author":[{"embeddable":true,"href":"https:\/\/sites.ffkarate.fr\/iledefrance\/wp-json\/wp\/v2\/users\/28"}],"replies":[{"embeddable":true,"href":"https:\/\/sites.ffkarate.fr\/iledefrance\/wp-json\/wp\/v2\/comments?post=5063"}],"version-history":[{"count":5,"href":"https:\/\/sites.ffkarate.fr\/iledefrance\/wp-json\/wp\/v2\/posts\/5063\/revisions"}],"predecessor-version":[{"id":5080,"href":"https:\/\/sites.ffkarate.fr\/iledefrance\/wp-json\/wp\/v2\/posts\/5063\/revisions\/5080"}],"wp:featuredmedia":[{"embeddable":true,"href":"https:\/\/sites.ffkarate.fr\/iledefrance\/wp-json\/wp\/v2\/media\/5062"}],"wp:attachment":[{"href":"https:\/\/sites.ffkarate.fr\/iledefrance\/wp-json\/wp\/v2\/media?parent=5063"}],"wp:term":[{"taxonomy":"category","embeddable":true,"href":"https:\/\/sites.ffkarate.fr\/iledefrance\/wp-json\/wp\/v2\/categories?post=5063"},{"taxonomy":"post_tag","embeddable":true,"href":"https:\/\/sites.ffkarate.fr\/iledefrance\/wp-json\/wp\/v2\/tags?post=5063"}],"curies":[{"name":"wp","href":"https:\/\/api.w.org\/{rel}","templated":true}]}}