{"id":5141,"date":"2024-10-24T20:17:22","date_gmt":"2024-10-24T18:17:22","guid":{"rendered":"https:\/\/sites.ffkarate.fr\/iledefrance\/?p=5141"},"modified":"2024-10-25T15:37:10","modified_gmt":"2024-10-25T13:37:10","slug":"presentation-de-lequipe-technique-regionale","status":"publish","type":"post","link":"https:\/\/sites.ffkarate.fr\/iledefrance\/2024\/10\/24\/presentation-de-lequipe-technique-regionale\/","title":{"rendered":"PRESENTATION DE L&rsquo;EQUIPE TECHNIQUE REGIONALE"},"content":{"rendered":"<div class=\"wpb-content-wrapper\"><p>[vc_row][vc_column][vc_column_text]Le Pr\u00e9sident <strong><span style=\"color: #0000ff\">M. ALAIN GALIANA<\/span><\/strong> et <strong><span style=\"color: #0000ff\">les membres du Comit\u00e9 Directeur<\/span><\/strong> vous pr\u00e9sentent l&rsquo;\u00e9quipe technique de la Ligue R\u00e9gionale Ile de France de Karat\u00e9 et Disciplines Associ\u00e9es.<!--more--><\/p>\n<h3><\/h3>\n<h3><strong>DIRECTEUR TECHNIQUE REGIONAL<\/strong><\/h3>\n<p><strong><span style=\"color: #0000ff\">M. C\u00c9CIL BOULESNANE<\/span><\/strong><\/p>\n<h3><\/h3>\n<h3><strong>RESPONSABLES TECHNIQUES (RTR)<\/strong><\/h3>\n<ul>\n<li><span style=\"color: #e8c62c\"><strong>AMV &#8211;<\/strong> <strong>M. MARC RAUX<\/strong><\/span><\/li>\n<li><span style=\"color: #0000ff\"><strong>Body karat\u00e9<\/strong><\/span> &#8211; <span style=\"color: #0000ff\"><strong>M. BRUNO DE BEACKER<\/strong><\/span><\/li>\n<li><span style=\"color: #00ccff\"><strong>Krav-maga <\/strong>&#8211; <strong>M. ANTOINE LAYMOND<\/strong><\/span><\/li>\n<li><span style=\"color: #0000ff\"><strong>Para karat\u00e9<\/strong> &#8211; <strong>Mme MARLENE COLETA<\/strong><\/span><\/li>\n<li><span style=\"color: #ff9900\"><strong>Yoseikan Budo<\/strong> &#8211;\u00a0<strong>M. STEPHANE LAUMONT<\/strong><\/span><\/li>\n<li><span style=\"color: #800080\"><strong>Wushu<\/strong> &#8211; <strong>M. WILFRID DESACHY<\/strong><\/span><\/li>\n<\/ul>\n<h3><\/h3>\n<h3><strong>RESPONSABLES DES GRADES (RRG)<\/strong><\/h3>\n<ul>\n<li><span style=\"color: #e8c62c\"><strong>AMV &#8211;<\/strong> <strong>M. JACQUES CHARPRENET<\/strong><\/span><\/li>\n<li><span style=\"color: #0000ff\"><strong>Karat\u00e9<\/strong> &#8211; <strong>Mme EVELYNE BENDELAC<\/strong><\/span><\/li>\n<li><span style=\"color: #0000ff\"><strong>Karat\u00e9 Mix<\/strong> &#8211; <strong>M. FRANCK ATTIA<\/strong><\/span><\/li>\n<li><span style=\"color: #00ccff\"><strong>Krav-maga <\/strong>&#8211; <strong>M. SEBASTIEN DARAGON<\/strong><\/span><\/li>\n<li><span style=\"color: #993366\"><strong>Wushu<\/strong> &#8211; <strong>Mme MYRIAM NAUD<\/strong><\/span><\/li>\n<\/ul>\n<h3><\/h3>\n<h3>RESPONSABLES DE L&rsquo;ARBITRAGE (RRA)<\/h3>\n<ul>\n<li><span style=\"color: #e8c62c\"><strong>AMV &#8211;<\/strong> <strong>M. MICHEL GRANGER<\/strong><\/span><\/li>\n<li><span style=\"color: #0000ff\"><strong>Karat\u00e9<\/strong> &#8211; <strong>M. YOUCEF MEZAHEM<\/strong><\/span><\/li>\n<li><span style=\"color: #993366\"><strong>Wushu<\/strong> &#8211; <strong>Mme LILIANA BIANCO<\/strong><\/span><\/li>\n<\/ul>\n<h3><\/h3>\n<h3>LES ENTRA\u00ceNEURS (ERK -ERC)<\/h3>\n<ul>\n<li><span style=\"color: #ff0000\"><strong>KATA <\/strong>&#8211; <strong>Mme CLOTILDE BOULANGER<\/strong><\/span><\/li>\n<li><span style=\"color: #0000ff\"><strong>COMBAT<\/strong> &#8211; <strong>M. JOHAN LOPES<\/strong><\/span><\/li>\n<\/ul>\n<p>[\/vc_column_text][\/vc_column][\/vc_row]<\/p>\n<\/div>","protected":false},"excerpt":{"rendered":"<p>[vc_row][vc_column][vc_column_text]Le Pr\u00e9sident M. ALAIN GALIANA et les membres du Comit\u00e9 Directeur vous pr\u00e9sentent l&rsquo;\u00e9quipe technique de la Ligue R\u00e9gionale Ile de France de Karat\u00e9 et Disciplines Associ\u00e9es.<\/p>\n","protected":false},"author":28,"featured_media":130,"comment_status":"closed","ping_status":"closed","sticky":false,"template":"","format":"standard","meta":{"footnotes":""},"categories":[5],"tags":[],"class_list":["post-5141","post","type-post","status-publish","format-standard","hentry","category-actualites"],"_links":{"self":[{"href":"https:\/\/sites.ffkarate.fr\/iledefrance\/wp-json\/wp\/v2\/posts\/5141","targetHints":{"allow":["GET"]}}],"collection":[{"href":"https:\/\/sites.ffkarate.fr\/iledefrance\/wp-json\/wp\/v2\/posts"}],"about":[{"href":"https:\/\/sites.ffkarate.fr\/iledefrance\/wp-json\/wp\/v2\/types\/post"}],"author":[{"embeddable":true,"href":"https:\/\/sites.ffkarate.fr\/iledefrance\/wp-json\/wp\/v2\/users\/28"}],"replies":[{"embeddable":true,"href":"https:\/\/sites.ffkarate.fr\/iledefrance\/wp-json\/wp\/v2\/comments?post=5141"}],"version-history":[{"count":10,"href":"https:\/\/sites.ffkarate.fr\/iledefrance\/wp-json\/wp\/v2\/posts\/5141\/revisions"}],"predecessor-version":[{"id":5160,"href":"https:\/\/sites.ffkarate.fr\/iledefrance\/wp-json\/wp\/v2\/posts\/5141\/revisions\/5160"}],"wp:featuredmedia":[{"embeddable":true,"href":"https:\/\/sites.ffkarate.fr\/iledefrance\/wp-json\/wp\/v2\/media\/130"}],"wp:attachment":[{"href":"https:\/\/sites.ffkarate.fr\/iledefrance\/wp-json\/wp\/v2\/media?parent=5141"}],"wp:term":[{"taxonomy":"category","embeddable":true,"href":"https:\/\/sites.ffkarate.fr\/iledefrance\/wp-json\/wp\/v2\/categories?post=5141"},{"taxonomy":"post_tag","embeddable":true,"href":"https:\/\/sites.ffkarate.fr\/iledefrance\/wp-json\/wp\/v2\/tags?post=5141"}],"curies":[{"name":"wp","href":"https:\/\/api.w.org\/{rel}","templated":true}]}}