{"id":5259,"date":"2024-12-03T08:47:32","date_gmt":"2024-12-03T07:47:32","guid":{"rendered":"https:\/\/sites.ffkarate.fr\/iledefrance\/?p=5259"},"modified":"2024-12-03T08:48:10","modified_gmt":"2024-12-03T07:48:10","slug":"carnet-noir-hommage-a-jean-frik","status":"publish","type":"post","link":"https:\/\/sites.ffkarate.fr\/iledefrance\/2024\/12\/03\/carnet-noir-hommage-a-jean-frik\/","title":{"rendered":"Carnet noir : Hommage \u00e0 Jean Frik"},"content":{"rendered":"<div class=\"wpb-content-wrapper\"><p>[vc_row][vc_column][vc_column_text]C\u2019est avec une immense tristesse que nous annon\u00e7ons le d\u00e9c\u00e8s de <span style=\"color: #1423a0\"><strong>Jean FRIK<\/strong><\/span>, survenu le <span style=\"color: #dc2d5a\"><strong>samedi 30 novembre 2024<\/strong><\/span>.<!--more--><\/p>\n<p>Figure embl\u00e9matique des<span style=\"color: #1423a0\"><strong> Hauts-de-Seine<\/strong><\/span> (92) et de <span style=\"color: #dc2d5a\"><strong>l&rsquo;Ile-De-France<\/strong><\/span>, <span style=\"color: #1423a0\"><strong>Jean FRIK<\/strong><\/span> a consacr\u00e9 pr\u00e8s de trois d\u00e9cennies \u00e0 l\u2019arbitrage, incarnant l\u2019int\u00e9grit\u00e9, la rigueur et la passion qui caract\u00e9risent les valeurs de notre sport. Il a port\u00e9 haut les couleurs de notre d\u00e9partement sur les tatamis, marquant plusieurs g\u00e9n\u00e9rations d\u2019athl\u00e8tes, d\u2019arbitres et de passionn\u00e9s.<\/p>\n<p>L\u2019arbitrage \u00e9tait pour lui bien plus qu\u2019une fonction : c\u2019\u00e9tait une v\u00e9ritable vocation qu\u2019il a poursuivie avec d\u00e9vouement et enthousiasme jusqu\u2019\u00e0 ses derniers instants.<\/p>\n<p>Pour lui rendre hommage et soutenir sa fille, <span style=\"color: #dc2d5a\"><strong>Sibille FRIK<\/strong><\/span>, investie elle aussi au service de notre r\u00e9gion et du d\u00e9partement des Hauts-De-Seine en tant que <span style=\"color: #1423a0\"><strong>responsable adjointe de l\u2019arbitrage<\/strong><\/span>, une cagnotte <span style=\"color: #dc2d5a\"><strong>Leetchi<\/strong><\/span> a \u00e9t\u00e9 mise en place :<\/p>\n<p><span style=\"color: #1423a0\"><strong>Participer \u00e0 la cagnotte<\/strong><\/span>\u00a0:\u00a0<span style=\"color: #dc2d5a\"><strong><a style=\"color: #dc2d5a\" href=\"https:\/\/cutt.ly\/Cagnotte_Jean_FRIK\" target=\"_new\" rel=\"noopener\">https:\/\/cutt.ly\/Cagnotte_Jean_FRIK<\/a><\/strong><\/span><\/p>\n<h3><\/h3>\n<h3><span style=\"color: #1423a0\">C\u00e9r\u00e9monie d\u2019adieu<\/span><\/h3>\n<p>La c\u00e9r\u00e9monie se tiendra le\u00a0<span style=\"color: #dc2d5a\"><strong>lundi 9 d\u00e9cembre 2024<\/strong><\/span>, \u00e0 partir de <span style=\"color: #1423a0\"><strong>15h00<\/strong><\/span>, en l\u2019\u00e9glise Saint-Denis, place Saint-Simon, 60800 Cr\u00e9py-en-Valois.<br \/>\nL\u2019inhumation suivra \u00e0 <span style=\"color: #dc2d5a\"><strong>16h15<\/strong><\/span> au cimeti\u00e8re nouveau de Cr\u00e9py-en-Valois, route de Compi\u00e8gne.<\/p>\n<p>En hommage \u00e0 la derni\u00e8re volont\u00e9 de Jean, les arbitres pr\u00e9sents sont invit\u00e9s \u00e0 venir en tenue d\u2019arbitrage.<\/p>\n<p>Si vous souhaitez laisser un mot de condol\u00e9ance, un espace hommage est ouvert :\u00a0<span style=\"color: #1423a0\"><strong><a style=\"color: #1423a0\" href=\"https:\/\/www.espace-hommage.fr\/mon-espace\/6a343e5a\" target=\"_new\" rel=\"noopener\">https:\/\/www.espace-hommage.fr\/mon-espace\/6a343e5a<\/a><\/strong><\/span><\/p>\n<p>Nous exprimons notre soutien \u00e0 sa fille <span style=\"color: #dc2d5a\"><strong>Sibille<\/strong><\/span>, ainsi qu\u2019\u00e0 tous ses proches, dans cette \u00e9preuve douloureuse.<\/p>\n<p><span style=\"color: #1423a0\"><strong>Jean FRIK<\/strong><\/span> laisse un vide immense dans notre communaut\u00e9, mais son h\u00e9ritage continuera d\u2019inspirer celles et ceux qui d\u00e9fendent les valeurs du sport et de l\u2019arbitrage.<\/p>\n<p><span style=\"color: #dc2d5a\"><strong>Toutes nos pens\u00e9es vous accompagnent en ces moments difficiles.<\/strong><\/span><br \/>\nLa <span style=\"color: #1423a0\"><strong>Ligue IDF de Karat\u00e9 et Disciplines Associ\u00e9es<\/strong><\/span> et son pr\u00e9sident <span style=\"color: #dc2d5a\"><strong>Alain GALIANA<\/strong><\/span>.[\/vc_column_text][\/vc_column][\/vc_row]<\/p>\n<\/div>","protected":false},"excerpt":{"rendered":"<p>[vc_row][vc_column][vc_column_text]C\u2019est avec une immense tristesse que nous annon\u00e7ons le d\u00e9c\u00e8s de Jean FRIK, survenu le samedi 30 novembre 2024.<\/p>\n","protected":false},"author":87,"featured_media":5258,"comment_status":"closed","ping_status":"closed","sticky":false,"template":"","format":"standard","meta":{"footnotes":""},"categories":[5],"tags":[73],"class_list":["post-5259","post","type-post","status-publish","format-standard","hentry","category-actualites","tag-actualites"],"_links":{"self":[{"href":"https:\/\/sites.ffkarate.fr\/iledefrance\/wp-json\/wp\/v2\/posts\/5259","targetHints":{"allow":["GET"]}}],"collection":[{"href":"https:\/\/sites.ffkarate.fr\/iledefrance\/wp-json\/wp\/v2\/posts"}],"about":[{"href":"https:\/\/sites.ffkarate.fr\/iledefrance\/wp-json\/wp\/v2\/types\/post"}],"author":[{"embeddable":true,"href":"https:\/\/sites.ffkarate.fr\/iledefrance\/wp-json\/wp\/v2\/users\/87"}],"replies":[{"embeddable":true,"href":"https:\/\/sites.ffkarate.fr\/iledefrance\/wp-json\/wp\/v2\/comments?post=5259"}],"version-history":[{"count":3,"href":"https:\/\/sites.ffkarate.fr\/iledefrance\/wp-json\/wp\/v2\/posts\/5259\/revisions"}],"predecessor-version":[{"id":5262,"href":"https:\/\/sites.ffkarate.fr\/iledefrance\/wp-json\/wp\/v2\/posts\/5259\/revisions\/5262"}],"wp:featuredmedia":[{"embeddable":true,"href":"https:\/\/sites.ffkarate.fr\/iledefrance\/wp-json\/wp\/v2\/media\/5258"}],"wp:attachment":[{"href":"https:\/\/sites.ffkarate.fr\/iledefrance\/wp-json\/wp\/v2\/media?parent=5259"}],"wp:term":[{"taxonomy":"category","embeddable":true,"href":"https:\/\/sites.ffkarate.fr\/iledefrance\/wp-json\/wp\/v2\/categories?post=5259"},{"taxonomy":"post_tag","embeddable":true,"href":"https:\/\/sites.ffkarate.fr\/iledefrance\/wp-json\/wp\/v2\/tags?post=5259"}],"curies":[{"name":"wp","href":"https:\/\/api.w.org\/{rel}","templated":true}]}}