{"id":5322,"date":"2024-12-21T21:58:52","date_gmt":"2024-12-21T20:58:52","guid":{"rendered":"https:\/\/sites.ffkarate.fr\/iledefrance\/?p=5322"},"modified":"2024-12-21T22:00:01","modified_gmt":"2024-12-21T21:00:01","slug":"les-athletes-franciliens-a-lhonneur-pour-les-championnats-deurope-2025","status":"publish","type":"post","link":"https:\/\/sites.ffkarate.fr\/iledefrance\/2024\/12\/21\/les-athletes-franciliens-a-lhonneur-pour-les-championnats-deurope-2025\/","title":{"rendered":"Les Athl\u00e8tes Franciliens \u00e0 l\u2019Honneur pour les Championnats d\u2019Europe 2025"},"content":{"rendered":"<div class=\"wpb-content-wrapper\"><p>[vc_row][vc_column][vc_column_text]La <span style=\"color: #1423a0\"><strong>Ligue \u00cele-de-France de Karat\u00e9 et Disciplines Associ\u00e9es<\/strong><\/span> met en lumi\u00e8re les talents de la r\u00e9gion s\u00e9lectionn\u00e9s pour repr\u00e9senter la France aux <span style=\"color: #dc2d5a\"><strong>52\u00e8mes Championnats d\u2019Europe Cadets, Juniors et U21<\/strong><\/span>.<!--more--><\/p>\n<p>Ce championnat se tiendra \u00e0 <span style=\"color: #1423a0\"><strong>Bielsko-Biala<\/strong><\/span>, en <span style=\"color: #dc2d5a\"><strong>Pologne<\/strong><\/span>, du <span style=\"color: #1423a0\"><strong>7 au 9 f\u00e9vrier 2025<\/strong><\/span>. Parmi les 40 athl\u00e8tes fran\u00e7ais retenus, plusieurs jeunes prometteurs d\u2019\u00cele-de-France porteront haut les couleurs de la r\u00e9gion.<\/p>\n<h4><\/h4>\n<h4><strong>Cadets :<\/strong><\/h4>\n<ul>\n<li><strong>F\u00e9minine :<\/strong>\n<ul>\n<li>&#8211;<strong>47kg<\/strong> :\u00a0Lee-Lou KOUME\u00a0\u2013 SKB Epinay-sous-Senart (91)<\/li>\n<\/ul>\n<\/li>\n<\/ul>\n<ul>\n<li><strong>Masculins :<\/strong>\n<ul>\n<li><strong>-57kg :<\/strong> Mah\u00e9 DEBERDT \u2013 Blanc Mesnil Sport Karat\u00e9 (93)<\/li>\n<li><strong>-70kg :<\/strong> Ziyane AMMOUR \u2013 Club Budokan Thiais (94)<\/li>\n<li><strong>+70kg :<\/strong> Sa\u00efd TOURE \u2013 Club Budokan Thiais (94)<\/li>\n<\/ul>\n<\/li>\n<\/ul>\n<h4><\/h4>\n<h4><strong>Juniors :<\/strong><\/h4>\n<ul>\n<li><strong>F\u00e9minines :<\/strong>\n<ul>\n<li><strong>+66kg :<\/strong> Lina ABID \u2013 SKC Villeneuve-la-Garenne (92)<\/li>\n<li><strong>Kata :<\/strong> In\u00e8s ORDONEZ \u2013 Horizon Karat\u00e9 Club (75)<\/li>\n<\/ul>\n<\/li>\n<li><strong>Masculins :<\/strong>\n<ul>\n<li><strong>-61kg :<\/strong> Yasin BETTACHE \u2013 Club Budokan Thiais (94)<\/li>\n<li><strong>-68kg :<\/strong> Anis TAKLIT \u2013 Sporting Club de Bobigny (93)<\/li>\n<li>&#8211;<strong>76kg<\/strong> :\u00a0Yacine BEN FATHALLAH\u00a0\u2013 Saint Michel Sport Karat\u00e9 (91)<\/li>\n<li><strong>+76kg :<\/strong> Adam TADJER \u2013 Karat\u00e9 \u00c9lite Argenteuil (95)<\/li>\n<li><strong>Kata :<\/strong> Thomas KLEMZ \u2013 CKS en Pays Cr\u00e9\u00e7ois (77)<\/li>\n<\/ul>\n<\/li>\n<\/ul>\n<h4><\/h4>\n<h4><strong>U21 :<\/strong><\/h4>\n<ul>\n<li><strong>F\u00e9minines :<\/strong>\n<ul>\n<li><strong>-50kg :<\/strong> Chlo\u00e9 BREUZARD \u2013 IGKDF Vanves (92)<\/li>\n<li><strong>-61kg :<\/strong> Sydney YVON \u2013 Karat\u00e9 \u00c9lite Argenteuil (95)<\/li>\n<li><strong>+68kg :<\/strong> Zera Jade OZSERTTAS \u2013 KOS Villeneuve (94)<\/li>\n<\/ul>\n<\/li>\n<li><strong>Masculins :<\/strong>\n<ul>\n<li><strong>-60kg :<\/strong> Amine HELLAL \u2013 Karat\u00e9 \u00c9lite Argenteuil (95)<\/li>\n<li><strong>-67kg :<\/strong> Isaac MATINGOU \u2013 CSM Puteaux (92)<\/li>\n<li><strong>-75kg :<\/strong> Hugo ASSEMAT \u2013 Karat\u00e9 \u00c9lite Argenteuil (95)<\/li>\n<li><strong>Kata :<\/strong> Lucas HOFFMANN \u2013 AAS Sarcelles (95)<\/li>\n<\/ul>\n<\/li>\n<\/ul>\n<p>Ces athl\u00e8tes franciliens incarnent l\u2019excellence et le dynamisme du karat\u00e9 en \u00cele-de-France. La <span style=\"color: #dc2d5a\"><strong>Ligue IDF &amp; DA<\/strong><\/span> leur adresse tout son soutien dans cette qu\u00eate de m\u00e9dailles europ\u00e9ennes.[\/vc_column_text][\/vc_column][\/vc_row]<\/p>\n<\/div>","protected":false},"excerpt":{"rendered":"<p>[vc_row][vc_column][vc_column_text]La Ligue \u00cele-de-France de Karat\u00e9 et Disciplines Associ\u00e9es met en lumi\u00e8re les talents de la r\u00e9gion s\u00e9lectionn\u00e9s pour repr\u00e9senter la France aux 52\u00e8mes Championnats d\u2019Europe Cadets, Juniors et U21.<\/p>\n","protected":false},"author":87,"featured_media":4557,"comment_status":"closed","ping_status":"closed","sticky":false,"template":"","format":"standard","meta":{"footnotes":""},"categories":[5,132],"tags":[],"class_list":["post-5322","post","type-post","status-publish","format-standard","hentry","category-actualites","category-competition"],"_links":{"self":[{"href":"https:\/\/sites.ffkarate.fr\/iledefrance\/wp-json\/wp\/v2\/posts\/5322","targetHints":{"allow":["GET"]}}],"collection":[{"href":"https:\/\/sites.ffkarate.fr\/iledefrance\/wp-json\/wp\/v2\/posts"}],"about":[{"href":"https:\/\/sites.ffkarate.fr\/iledefrance\/wp-json\/wp\/v2\/types\/post"}],"author":[{"embeddable":true,"href":"https:\/\/sites.ffkarate.fr\/iledefrance\/wp-json\/wp\/v2\/users\/87"}],"replies":[{"embeddable":true,"href":"https:\/\/sites.ffkarate.fr\/iledefrance\/wp-json\/wp\/v2\/comments?post=5322"}],"version-history":[{"count":4,"href":"https:\/\/sites.ffkarate.fr\/iledefrance\/wp-json\/wp\/v2\/posts\/5322\/revisions"}],"predecessor-version":[{"id":5326,"href":"https:\/\/sites.ffkarate.fr\/iledefrance\/wp-json\/wp\/v2\/posts\/5322\/revisions\/5326"}],"wp:featuredmedia":[{"embeddable":true,"href":"https:\/\/sites.ffkarate.fr\/iledefrance\/wp-json\/wp\/v2\/media\/4557"}],"wp:attachment":[{"href":"https:\/\/sites.ffkarate.fr\/iledefrance\/wp-json\/wp\/v2\/media?parent=5322"}],"wp:term":[{"taxonomy":"category","embeddable":true,"href":"https:\/\/sites.ffkarate.fr\/iledefrance\/wp-json\/wp\/v2\/categories?post=5322"},{"taxonomy":"post_tag","embeddable":true,"href":"https:\/\/sites.ffkarate.fr\/iledefrance\/wp-json\/wp\/v2\/tags?post=5322"}],"curies":[{"name":"wp","href":"https:\/\/api.w.org\/{rel}","templated":true}]}}