{"id":5608,"date":"2025-05-13T19:09:17","date_gmt":"2025-05-13T17:09:17","guid":{"rendered":"https:\/\/sites.ffkarate.fr\/iledefrance\/?p=5608"},"modified":"2025-05-13T19:20:30","modified_gmt":"2025-05-13T17:20:30","slug":"bilan-du-challenge-national-des-jeunes-arbitres-verquin-2025","status":"publish","type":"post","link":"https:\/\/sites.ffkarate.fr\/iledefrance\/2025\/05\/13\/bilan-du-challenge-national-des-jeunes-arbitres-verquin-2025\/","title":{"rendered":"Bilan du Challenge National des Jeunes Arbitres \u2013 Verquin 2025"},"content":{"rendered":"<div class=\"wpb-content-wrapper\"><p>[vc_row][vc_column][vc_column_text]La <span style=\"color: #1423a0\"><strong>r\u00e9gion \u00cele-de-France<\/strong><\/span> a propos\u00e9 <span style=\"color: #dc2d5a\"><strong>16 jeunes arbitres<\/strong><\/span> pour cette \u00e9dition du <span style=\"color: #1423a0\"><strong>Challenge National des Jeunes Arbitres Kumit\u00e9<\/strong><\/span>.<!--more--><\/p>\n<p>Malgr\u00e9 l&rsquo;absence excus\u00e9e de quatre d&rsquo;entre eux pour des raisons scolaires et familiales, <span style=\"color: #dc2d5a\"><strong>12 candidats<\/strong><\/span>, six filles et six gar\u00e7ons, ont repr\u00e9sent\u00e9 fi\u00e8rement notre r\u00e9gion.<\/p>\n<p><span style=\"color: #dc2d5a\"><strong>R\u00e9sultats obtenus :<\/strong><\/span><\/p>\n<p>Nos jeunes arbitres ont d\u00e9montr\u00e9 des comp\u00e9tences techniques et th\u00e9oriques remarquables. Leur engagement et leur s\u00e9rieux ont \u00e9t\u00e9 salu\u00e9s par les jurys.<\/p>\n<p><span style=\"color: #1423a0\"><strong>Cat\u00e9gorie Honneur :<\/strong><\/span><\/p>\n<ul>\n<li>\ud83e\udd47 Mathis BEAUCHET \u2013 1er<\/li>\n<li>\ud83e\udd48 A\u00efcha CISS\u00c9 \u2013 2e<\/li>\n<\/ul>\n<p><span style=\"color: #1423a0\"><strong>Cat\u00e9gorie Espoir :<\/strong><\/span><\/p>\n<ul>\n<li>\ud83e\udd48 Kahina KHENICHE \u2013 2e<\/li>\n<li>\ud83e\udd49 Elsa ABBAS \u2013 3e<\/li>\n<\/ul>\n<p><span style=\"color: #1423a0\"><strong>Cat\u00e9gorie \u00c9lite :<\/strong><\/span><\/p>\n<ul>\n<li>\ud83e\udd48 Ma\u00efssa FERTIKH \u2013 2e<\/li>\n<\/ul>\n<p>Ces distinctions refl\u00e8tent le haut niveau de pr\u00e9paration et l&rsquo;investissement de nos jeunes arbitres.<\/p>\n<p><span style=\"color: #dc2d5a\"><strong>Parcours de formation :<\/strong><\/span><\/p>\n<p>La r\u00e9ussite de nos jeunes arbitres est le fruit d&rsquo;un programme de formation structur\u00e9, initi\u00e9 lors du <span style=\"color: #1423a0\"><strong>Challenge R\u00e9gional des Jeunes Arbitres \u00cele-de-France<\/strong><\/span>. Ce programme, \u00e9labor\u00e9 par la Commission R\u00e9gionale d&rsquo;Arbitrage, a \u00e9t\u00e9 mis en \u0153uvre par <span style=\"color: #dc2d5a\"><strong>Caroline Ngoan<\/strong><\/span>, <strong><span style=\"color: #1423a0\">Vincent Debieu<\/span><\/strong>, <span style=\"color: #dc2d5a\"><strong>Laurie Displan<\/strong><\/span> et le responsable, <span style=\"color: #1423a0\"><strong>Arnaud Bosseko<\/strong><\/span>.<\/p>\n<p><strong><span style=\"color: #dc2d5a\">Les moyens p\u00e9dagogiques d\u00e9ploy\u00e9s comprenaient :<\/span><\/strong><\/p>\n<ul>\n<li>Des stages en pr\u00e9sentiel dans les locaux de la F\u00e9d\u00e9ration Fran\u00e7aise de Karat\u00e9<\/li>\n<li>Des QCM r\u00e9alis\u00e9s via Evalbox, simulant les conditions d&rsquo;examen<\/li>\n<li>Des supports p\u00e9dagogiques en PDF, des exercices de rep\u00eachage<\/li>\n<li>Des entretiens oraux par visioconf\u00e9rence et des suivis t\u00e9l\u00e9phoniques individuels<\/li>\n<\/ul>\n<p>Ce dispositif complet a permis une pr\u00e9paration optimale de nos jeunes arbitres.<\/p>\n<p><span style=\"color: #dc2d5a\"><strong>Remerciements :<\/strong><\/span><\/p>\n<p>Nous exprimons notre profonde gratitude \u00e0 la <span style=\"color: #1423a0\"><strong>F\u00e9d\u00e9ration Fran\u00e7aise de Karat\u00e9<\/strong><\/span>, \u00e0 la <span style=\"color: #dc2d5a\"><strong>R\u00e9gion \u00cele-de-France<\/strong><\/span> et \u00e0 son pr\u00e9sident, <span style=\"color: #1423a0\"><strong>Monsieur Alain Galliana<\/strong><\/span>, pour leur soutien logistique et financier. Leur engagement a \u00e9t\u00e9 essentiel \u00e0 la r\u00e9ussite de cette aventure.<\/p>\n<p>Nous tenons \u00e9galement \u00e0 remercier chaleureusement <span style=\"color: #dc2d5a\"><strong>les responsables d\u00e9partementaux d\u2019arbitrage<\/strong><\/span> et les <span style=\"color: #1423a0\"><strong>responsables des jeunes de chaque d\u00e9partement de la r\u00e9gion \u00cele-de-France<\/strong><\/span>. Gr\u00e2ce \u00e0 leur engagement et \u00e0 leur travail de terrain, 7 des 8 d\u00e9partements franciliens ont \u00e9t\u00e9 fi\u00e8rement repr\u00e9sent\u00e9s lors de ce challenge national. Cette mobilisation t\u00e9moigne de la vitalit\u00e9 et de la coh\u00e9sion de notre r\u00e9gion.<\/p>\n<p>Enfin, nous saluons l&rsquo;excellence du niveau de nos jeunes arbitres. Parmi les 40 participants nationaux, 5 ont r\u00e9alis\u00e9 un sans-faute au QCM, dont 4 issus de l&rsquo;\u00cele-de-France. Ce r\u00e9sultat remarquable illustre la qualit\u00e9 de la formation dispens\u00e9e et le s\u00e9rieux de nos jeunes dans leur pr\u00e9paration.<\/p>\n<p>Un remerciement particulier \u00e0 Monsieur <span style=\"color: #dc2d5a\"><strong>Youcef Mezahem<\/strong><\/span>, Responsable R\u00e9gional de l&rsquo;Arbitrage, pour son investissement constant et son d\u00e9vouement \u00e0 l&rsquo;excellence.<\/p>\n<p>Ce week-end restera grav\u00e9 dans les m\u00e9moires comme un moment fort de partage, d&rsquo;apprentissage et de d\u00e9passement de soi. F\u00e9licitations \u00e0 tous nos jeunes arbitres pour leur engagement\u00a0exemplaire.[\/vc_column_text][\/vc_column][\/vc_row]<\/p>\n<\/div>","protected":false},"excerpt":{"rendered":"<p>[vc_row][vc_column][vc_column_text]La r\u00e9gion \u00cele-de-France a propos\u00e9 16 jeunes arbitres pour cette \u00e9dition du Challenge National des Jeunes Arbitres Kumit\u00e9.<\/p>\n","protected":false},"author":87,"featured_media":5609,"comment_status":"open","ping_status":"open","sticky":false,"template":"","format":"standard","meta":{"footnotes":""},"categories":[8],"tags":[133],"class_list":["post-5608","post","type-post","status-publish","format-standard","hentry","category-arbitrage","tag-arbitrage"],"_links":{"self":[{"href":"https:\/\/sites.ffkarate.fr\/iledefrance\/wp-json\/wp\/v2\/posts\/5608","targetHints":{"allow":["GET"]}}],"collection":[{"href":"https:\/\/sites.ffkarate.fr\/iledefrance\/wp-json\/wp\/v2\/posts"}],"about":[{"href":"https:\/\/sites.ffkarate.fr\/iledefrance\/wp-json\/wp\/v2\/types\/post"}],"author":[{"embeddable":true,"href":"https:\/\/sites.ffkarate.fr\/iledefrance\/wp-json\/wp\/v2\/users\/87"}],"replies":[{"embeddable":true,"href":"https:\/\/sites.ffkarate.fr\/iledefrance\/wp-json\/wp\/v2\/comments?post=5608"}],"version-history":[{"count":2,"href":"https:\/\/sites.ffkarate.fr\/iledefrance\/wp-json\/wp\/v2\/posts\/5608\/revisions"}],"predecessor-version":[{"id":5611,"href":"https:\/\/sites.ffkarate.fr\/iledefrance\/wp-json\/wp\/v2\/posts\/5608\/revisions\/5611"}],"wp:featuredmedia":[{"embeddable":true,"href":"https:\/\/sites.ffkarate.fr\/iledefrance\/wp-json\/wp\/v2\/media\/5609"}],"wp:attachment":[{"href":"https:\/\/sites.ffkarate.fr\/iledefrance\/wp-json\/wp\/v2\/media?parent=5608"}],"wp:term":[{"taxonomy":"category","embeddable":true,"href":"https:\/\/sites.ffkarate.fr\/iledefrance\/wp-json\/wp\/v2\/categories?post=5608"},{"taxonomy":"post_tag","embeddable":true,"href":"https:\/\/sites.ffkarate.fr\/iledefrance\/wp-json\/wp\/v2\/tags?post=5608"}],"curies":[{"name":"wp","href":"https:\/\/api.w.org\/{rel}","templated":true}]}}