{"id":5710,"date":"2025-10-07T17:52:59","date_gmt":"2025-10-07T15:52:59","guid":{"rendered":"https:\/\/sites.ffkarate.fr\/iledefrance\/?p=5710"},"modified":"2025-10-07T17:53:06","modified_gmt":"2025-10-07T15:53:06","slug":"reunion-et-stage-dinformation-grades-pour-le-5eme-dan-09-11-2025","status":"publish","type":"post","link":"https:\/\/sites.ffkarate.fr\/iledefrance\/2025\/10\/07\/reunion-et-stage-dinformation-grades-pour-le-5eme-dan-09-11-2025\/","title":{"rendered":"R\u00e9union et stage d&rsquo;information grades pour le 5\u00e8me dan &#8211; 09.11.2025"},"content":{"rendered":"<div class=\"wpb-content-wrapper\"><p>[vc_row][vc_column][vc_column_text]La <span style=\"color: #1423a0\"><strong>Ligue IDF de Karat\u00e9 et DA<\/strong><\/span> et la <span style=\"color: #dc2d5a\"><strong>Commission d&rsquo;organisation r\u00e9gionale des grades<\/strong><\/span>\u00a0 vous propose <span style=\"color: #1423a0\"><strong>une r\u00e9union<\/strong><\/span> et un<span style=\"color: #dc2d5a\"><strong> stage d&rsquo;information<\/strong><\/span> aux grades pour le <span style=\"color: #1423a0\"><strong>5\u00e8me dan<\/strong><\/span> le <span style=\"color: #dc2d5a\"><strong>dimanche 9 novembre 2025 <\/strong><\/span>de <span style=\"color: #1423a0\"><strong>8h30 \u00e0 10h30<\/strong><\/span>.<!--more--><span id=\"more-17826\"><\/span><\/p>\n<p>La <span style=\"color: #dc2d5a\"><strong>r\u00e9union d\u2019informations candidats<\/strong><\/span> sera dirig\u00e9e par <span style=\"color: #1423a0\"><strong>Evelyne BENDELAC<\/strong><\/span> &#8211; 7\u00e8me dan et responsable de la CORG.<\/p>\n<p>Le <span style=\"color: #dc2d5a\"><strong>stage informatif<\/strong><\/span> en karat\u00e9 gi anim\u00e9 par <span style=\"color: #1423a0\"><strong>V\u00e9ronique MESNIL DE VIDO<\/strong><\/span> &#8211; 7\u00e8me dan et expert f\u00e9d\u00e9ral.<\/p>\n<p>La participation au stage se fera en kimono, celui-ci est <span style=\"color: #dc2d5a\"><strong>gratuit<\/strong><\/span> et <span style=\"color: #1423a0\"><strong>bonifiant de 1 point<\/strong><\/span> pour les grades de 5e Dan.<\/p>\n<p><strong>Adresse :<\/strong><br \/>\nComplexe Sportif du Stade du Vieux Moulin<br \/>\nDojo stade du Vieux Moulin<br \/>\n5 rue de l\u2019Etang d\u2019Or<br \/>\n78120 Rambouillet<\/p>\n<p><strong>Contact :<\/strong><br \/>\n<b>Ligue IDF de Karat\u00e9 et DA<\/b><br \/>\nTel\u00a0: 01 57 99 80 43<br \/>\nMail : <strong><a href=\"mailto:secretaire.idf@ffkarate.fr\" target=\"_blank\" rel=\"noopener\">secretaire.idf@ffkarate.fr<\/a><\/strong>[\/vc_column_text][\/vc_column][\/vc_row]<\/p>\n<\/div>","protected":false},"excerpt":{"rendered":"<p>[vc_row][vc_column][vc_column_text]La Ligue IDF de Karat\u00e9 et DA et la Commission d&rsquo;organisation r\u00e9gionale des grades\u00a0 vous propose une r\u00e9union et un stage d&rsquo;information aux grades pour le 5\u00e8me dan le dimanche 9 novembre 2025 de 8h30 \u00e0 10h30.<\/p>\n","protected":false},"author":87,"featured_media":5712,"comment_status":"open","ping_status":"open","sticky":false,"template":"","format":"standard","meta":{"footnotes":""},"categories":[12],"tags":[172],"class_list":["post-5710","post","type-post","status-publish","format-standard","hentry","category-grades","tag-grades"],"_links":{"self":[{"href":"https:\/\/sites.ffkarate.fr\/iledefrance\/wp-json\/wp\/v2\/posts\/5710","targetHints":{"allow":["GET"]}}],"collection":[{"href":"https:\/\/sites.ffkarate.fr\/iledefrance\/wp-json\/wp\/v2\/posts"}],"about":[{"href":"https:\/\/sites.ffkarate.fr\/iledefrance\/wp-json\/wp\/v2\/types\/post"}],"author":[{"embeddable":true,"href":"https:\/\/sites.ffkarate.fr\/iledefrance\/wp-json\/wp\/v2\/users\/87"}],"replies":[{"embeddable":true,"href":"https:\/\/sites.ffkarate.fr\/iledefrance\/wp-json\/wp\/v2\/comments?post=5710"}],"version-history":[{"count":3,"href":"https:\/\/sites.ffkarate.fr\/iledefrance\/wp-json\/wp\/v2\/posts\/5710\/revisions"}],"predecessor-version":[{"id":5715,"href":"https:\/\/sites.ffkarate.fr\/iledefrance\/wp-json\/wp\/v2\/posts\/5710\/revisions\/5715"}],"wp:featuredmedia":[{"embeddable":true,"href":"https:\/\/sites.ffkarate.fr\/iledefrance\/wp-json\/wp\/v2\/media\/5712"}],"wp:attachment":[{"href":"https:\/\/sites.ffkarate.fr\/iledefrance\/wp-json\/wp\/v2\/media?parent=5710"}],"wp:term":[{"taxonomy":"category","embeddable":true,"href":"https:\/\/sites.ffkarate.fr\/iledefrance\/wp-json\/wp\/v2\/categories?post=5710"},{"taxonomy":"post_tag","embeddable":true,"href":"https:\/\/sites.ffkarate.fr\/iledefrance\/wp-json\/wp\/v2\/tags?post=5710"}],"curies":[{"name":"wp","href":"https:\/\/api.w.org\/{rel}","templated":true}]}}