{"id":5727,"date":"2025-10-13T16:37:38","date_gmt":"2025-10-13T14:37:38","guid":{"rendered":"https:\/\/sites.ffkarate.fr\/iledefrance\/?p=5727"},"modified":"2025-10-13T16:37:38","modified_gmt":"2025-10-13T14:37:38","slug":"photos-stage-de-nanbudo-et-de-nihon-tai-jitsu-12-10-2025","status":"publish","type":"post","link":"https:\/\/sites.ffkarate.fr\/iledefrance\/2025\/10\/13\/photos-stage-de-nanbudo-et-de-nihon-tai-jitsu-12-10-2025\/","title":{"rendered":"Photos &#8211; Stage de Nanbudo et de Nihon Ta\u00ef Jitsu &#8211; 12.10.2025"},"content":{"rendered":"<div class=\"wpb-content-wrapper\"><p>[vc_row][vc_column][vc_column_text]Ce <span style=\"color: #1423a0\"><strong>dimanche 12 octobre 2025<\/strong><\/span> avait lieu un stage pour <span style=\"color: #ff99cc\"><strong>Octobre Rose<\/strong><\/span> organis\u00e9 par la <span style=\"color: #dc2d5a\"><strong>Ligue IDF de Karat\u00e9 et disciplines associ\u00e9es<\/strong><\/span> \u00e0 <span style=\"color: #1423a0\"><strong>Maison-Alfort<\/strong><\/span> (<em>94<\/em>).<!--more--><\/p>\n<p>Ce stage de <span style=\"color: #dc2d5a\"><strong>Nanbudo<\/strong><\/span> et de <span style=\"color: #1423a0\"><strong>Nihon Tai-Jitsu<\/strong><\/span> \u00e9tait anim\u00e9 par <span style=\"color: #dc2d5a\"><strong>Christelle MARTIN<\/strong><\/span> (<em>5\u00e8me dan de Nihon Tai-Jitsu<\/em>) et <span style=\"color: #1423a0\"><strong>Fabienne DAVID<\/strong><\/span> (<em>6\u00e8me dan de Nanbudo<\/em>).<\/p>\n<p><span style=\"color: #dc2d5a\"><strong>10 personnes<\/strong><\/span> \u00e9taient pr\u00e9sentes. Merci \u00e0 <span style=\"color: #1423a0\"><strong>Christelle<\/strong><\/span> et <span style=\"color: #dc2d5a\"><strong>Fabienne<\/strong> <\/span>pour ce stage.[\/vc_column_text][vc_gallery images=\u00a0\u00bb5729,5732,5731&Prime;][\/vc_column][\/vc_row]<\/p>\n<\/div>","protected":false},"excerpt":{"rendered":"<p>[vc_row][vc_column][vc_column_text]Ce dimanche 12 octobre 2025 avait lieu un stage pour Octobre Rose organis\u00e9 par la Ligue IDF de Karat\u00e9 et disciplines associ\u00e9es \u00e0 Maison-Alfort (94).<\/p>\n","protected":false},"author":87,"featured_media":5730,"comment_status":"open","ping_status":"open","sticky":false,"template":"","format":"standard","meta":{"footnotes":""},"categories":[138],"tags":[],"class_list":["post-5727","post","type-post","status-publish","format-standard","hentry","category-octobre-rose"],"_links":{"self":[{"href":"https:\/\/sites.ffkarate.fr\/iledefrance\/wp-json\/wp\/v2\/posts\/5727","targetHints":{"allow":["GET"]}}],"collection":[{"href":"https:\/\/sites.ffkarate.fr\/iledefrance\/wp-json\/wp\/v2\/posts"}],"about":[{"href":"https:\/\/sites.ffkarate.fr\/iledefrance\/wp-json\/wp\/v2\/types\/post"}],"author":[{"embeddable":true,"href":"https:\/\/sites.ffkarate.fr\/iledefrance\/wp-json\/wp\/v2\/users\/87"}],"replies":[{"embeddable":true,"href":"https:\/\/sites.ffkarate.fr\/iledefrance\/wp-json\/wp\/v2\/comments?post=5727"}],"version-history":[{"count":2,"href":"https:\/\/sites.ffkarate.fr\/iledefrance\/wp-json\/wp\/v2\/posts\/5727\/revisions"}],"predecessor-version":[{"id":5733,"href":"https:\/\/sites.ffkarate.fr\/iledefrance\/wp-json\/wp\/v2\/posts\/5727\/revisions\/5733"}],"wp:featuredmedia":[{"embeddable":true,"href":"https:\/\/sites.ffkarate.fr\/iledefrance\/wp-json\/wp\/v2\/media\/5730"}],"wp:attachment":[{"href":"https:\/\/sites.ffkarate.fr\/iledefrance\/wp-json\/wp\/v2\/media?parent=5727"}],"wp:term":[{"taxonomy":"category","embeddable":true,"href":"https:\/\/sites.ffkarate.fr\/iledefrance\/wp-json\/wp\/v2\/categories?post=5727"},{"taxonomy":"post_tag","embeddable":true,"href":"https:\/\/sites.ffkarate.fr\/iledefrance\/wp-json\/wp\/v2\/tags?post=5727"}],"curies":[{"name":"wp","href":"https:\/\/api.w.org\/{rel}","templated":true}]}}