{"id":5737,"date":"2025-10-16T22:09:24","date_gmt":"2025-10-16T20:09:24","guid":{"rendered":"https:\/\/sites.ffkarate.fr\/iledefrance\/?p=5737"},"modified":"2025-10-16T22:10:38","modified_gmt":"2025-10-16T20:10:38","slug":"photos-stage-idf-de-body-karate-11-10-2025","status":"publish","type":"post","link":"https:\/\/sites.ffkarate.fr\/iledefrance\/2025\/10\/16\/photos-stage-idf-de-body-karate-11-10-2025\/","title":{"rendered":"Photos &#8211; Stage IDF de Body Karat\u00e9 &#8211; 11.10.2025"},"content":{"rendered":"<div class=\"wpb-content-wrapper\"><p>[vc_row][vc_column][vc_column_text]Ce <span style=\"color: #1423a0\"><strong>samedi 11 octobre 2025<\/strong><\/span> avait lieu un stage de <strong><span style=\"color: #dc2d5a\">Body Karat\u00e9<\/span><\/strong> pour <span style=\"color: #ff99cc\"><strong>Octobre Rose<\/strong><\/span> organis\u00e9 par la <span style=\"color: #1423a0\"><strong>Ligue IDF de Karat\u00e9 et disciplines associ\u00e9es<\/strong><\/span> \u00e0 <span style=\"color: #dc2d5a\"><b>Rungis <\/b><\/span>(<em>94<\/em>).<!--more--><\/p>\n<p>Ce stage de <span style=\"color: #1423a0\"><b>Body Karat\u00e9<\/b><\/span>\u00a0\u00e9tait anim\u00e9 par <span style=\"color: #dc2d5a\"><strong>Bruno DEBAECKER<\/strong><\/span> (<em>Responsable R\u00e9gional du Body Karat\u00e9 sur l&rsquo;IDF<\/em>).<\/p>\n<p><span style=\"color: #1423a0\"><strong>18 personnes<\/strong><\/span> \u00e9taient pr\u00e9sentes et un total de<span style=\"color: #dc2d5a\"><strong> 105 \u20acuros<\/strong><\/span> ont pu \u00eatre r\u00e9colt\u00e9s puis revers\u00e9s \u00e0 la lutte contre le cancer.<\/p>\n<p>Bravo et merci \u00e0 toutes les participantes et les participants !![\/vc_column_text][\/vc_column][\/vc_row]<\/p>\n<\/div>","protected":false},"excerpt":{"rendered":"<p>[vc_row][vc_column][vc_column_text]Ce samedi 11 octobre 2025 avait lieu un stage de Body Karat\u00e9 pour Octobre Rose organis\u00e9 par la Ligue IDF de Karat\u00e9 et disciplines associ\u00e9es \u00e0 Rungis (94).<\/p>\n","protected":false},"author":87,"featured_media":5738,"comment_status":"open","ping_status":"open","sticky":false,"template":"","format":"standard","meta":{"footnotes":""},"categories":[138],"tags":[134],"class_list":["post-5737","post","type-post","status-publish","format-standard","hentry","category-octobre-rose","tag-stages"],"_links":{"self":[{"href":"https:\/\/sites.ffkarate.fr\/iledefrance\/wp-json\/wp\/v2\/posts\/5737","targetHints":{"allow":["GET"]}}],"collection":[{"href":"https:\/\/sites.ffkarate.fr\/iledefrance\/wp-json\/wp\/v2\/posts"}],"about":[{"href":"https:\/\/sites.ffkarate.fr\/iledefrance\/wp-json\/wp\/v2\/types\/post"}],"author":[{"embeddable":true,"href":"https:\/\/sites.ffkarate.fr\/iledefrance\/wp-json\/wp\/v2\/users\/87"}],"replies":[{"embeddable":true,"href":"https:\/\/sites.ffkarate.fr\/iledefrance\/wp-json\/wp\/v2\/comments?post=5737"}],"version-history":[{"count":3,"href":"https:\/\/sites.ffkarate.fr\/iledefrance\/wp-json\/wp\/v2\/posts\/5737\/revisions"}],"predecessor-version":[{"id":5741,"href":"https:\/\/sites.ffkarate.fr\/iledefrance\/wp-json\/wp\/v2\/posts\/5737\/revisions\/5741"}],"wp:featuredmedia":[{"embeddable":true,"href":"https:\/\/sites.ffkarate.fr\/iledefrance\/wp-json\/wp\/v2\/media\/5738"}],"wp:attachment":[{"href":"https:\/\/sites.ffkarate.fr\/iledefrance\/wp-json\/wp\/v2\/media?parent=5737"}],"wp:term":[{"taxonomy":"category","embeddable":true,"href":"https:\/\/sites.ffkarate.fr\/iledefrance\/wp-json\/wp\/v2\/categories?post=5737"},{"taxonomy":"post_tag","embeddable":true,"href":"https:\/\/sites.ffkarate.fr\/iledefrance\/wp-json\/wp\/v2\/tags?post=5737"}],"curies":[{"name":"wp","href":"https:\/\/api.w.org\/{rel}","templated":true}]}}