{"id":5771,"date":"2025-11-12T17:30:45","date_gmt":"2025-11-12T16:30:45","guid":{"rendered":"https:\/\/sites.ffkarate.fr\/iledefrance\/?p=5771"},"modified":"2025-11-12T17:30:45","modified_gmt":"2025-11-12T16:30:45","slug":"stage-idf-kata-avec-c-boulanger-23-11-2025","status":"publish","type":"post","link":"https:\/\/sites.ffkarate.fr\/iledefrance\/2025\/11\/12\/stage-idf-kata-avec-c-boulanger-23-11-2025\/","title":{"rendered":"Stage IDF Kata avec C. BOULANGER &#8211; 23.11.2025"},"content":{"rendered":"<div class=\"wpb-content-wrapper\"><p>[vc_row][vc_column][vc_column_text]La <strong><span style=\"color: #1423a0\">Ligue R\u00e9gionale \u00cele-de-France de Karat\u00e9 et Disciplines Associ\u00e9es<\/span><\/strong> organise <span style=\"color: #dc2d5a\"><strong>un stage IDF en Kata<\/strong><\/span>\u00a0le <strong><span style=\"color: #1423a0\">dimanche 23 novembre 2025.<\/span><\/strong><\/p>\n<p><!--more--><\/p>\n<p>Stage <span style=\"color: #dc2d5a\"><strong>gratuit<\/strong><\/span> et <span style=\"color: #1423a0\"><strong>ouvert \u00e0 tous les comp\u00e9titeurs<\/strong><\/span>.<\/p>\n<p><span style=\"color: #dc2d5a\"><strong>Programme :<\/strong><\/span><\/p>\n<ul>\n<li><span style=\"color: #1423a0\"><strong>14h00 \u2013 15h30<\/strong><\/span> : Pupilles \/ Benjamins<\/li>\n<li><span style=\"color: #1423a0\"><strong>15h30 \u2013 17h00<\/strong><\/span> : Minimes \/ Cadets et Juniors<\/li>\n<\/ul>\n<p><span style=\"color: #dc2d5a\"><strong>Adresse :<\/strong><\/span><br \/>\nDojo George Hebert<br \/>\n11 rue Andr\u00e9 Chenier<br \/>\n95600 Eaubonne<\/p>\n<p><span style=\"color: #dc2d5a\"><strong>Contact :<\/strong><\/span><br \/>\n<strong>Secr\u00e9atiat IDF<\/strong><br \/>\n<strong>Mail<\/strong> : <a href=\"mailto:secretaire.idf@ffkarate.fr\" target=\"_blank\" rel=\"noopener\">secretaire.idf@ffkarate.fr<\/a><br \/>\n<strong>T\u00e9l.<\/strong> : 01 57 99 80 43[\/vc_column_text][\/vc_column][\/vc_row]<\/p>\n<\/div>","protected":false},"excerpt":{"rendered":"<p>[vc_row][vc_column][vc_column_text]La Ligue R\u00e9gionale \u00cele-de-France de Karat\u00e9 et Disciplines Associ\u00e9es organise un stage IDF en Kata\u00a0le dimanche 23 novembre 2025.<\/p>\n","protected":false},"author":87,"featured_media":5772,"comment_status":"open","ping_status":"open","sticky":false,"template":"","format":"standard","meta":{"footnotes":""},"categories":[8],"tags":[],"class_list":["post-5771","post","type-post","status-publish","format-standard","hentry","category-arbitrage"],"_links":{"self":[{"href":"https:\/\/sites.ffkarate.fr\/iledefrance\/wp-json\/wp\/v2\/posts\/5771","targetHints":{"allow":["GET"]}}],"collection":[{"href":"https:\/\/sites.ffkarate.fr\/iledefrance\/wp-json\/wp\/v2\/posts"}],"about":[{"href":"https:\/\/sites.ffkarate.fr\/iledefrance\/wp-json\/wp\/v2\/types\/post"}],"author":[{"embeddable":true,"href":"https:\/\/sites.ffkarate.fr\/iledefrance\/wp-json\/wp\/v2\/users\/87"}],"replies":[{"embeddable":true,"href":"https:\/\/sites.ffkarate.fr\/iledefrance\/wp-json\/wp\/v2\/comments?post=5771"}],"version-history":[{"count":1,"href":"https:\/\/sites.ffkarate.fr\/iledefrance\/wp-json\/wp\/v2\/posts\/5771\/revisions"}],"predecessor-version":[{"id":5773,"href":"https:\/\/sites.ffkarate.fr\/iledefrance\/wp-json\/wp\/v2\/posts\/5771\/revisions\/5773"}],"wp:featuredmedia":[{"embeddable":true,"href":"https:\/\/sites.ffkarate.fr\/iledefrance\/wp-json\/wp\/v2\/media\/5772"}],"wp:attachment":[{"href":"https:\/\/sites.ffkarate.fr\/iledefrance\/wp-json\/wp\/v2\/media?parent=5771"}],"wp:term":[{"taxonomy":"category","embeddable":true,"href":"https:\/\/sites.ffkarate.fr\/iledefrance\/wp-json\/wp\/v2\/categories?post=5771"},{"taxonomy":"post_tag","embeddable":true,"href":"https:\/\/sites.ffkarate.fr\/iledefrance\/wp-json\/wp\/v2\/tags?post=5771"}],"curies":[{"name":"wp","href":"https:\/\/api.w.org\/{rel}","templated":true}]}}