{"id":6748,"date":"2026-09-03T10:54:55","date_gmt":"2026-09-03T08:54:55","guid":{"rendered":"https:\/\/sites.ffkarate.fr\/iledefrance\/?p=6748"},"modified":"2026-09-03T10:54:55","modified_gmt":"2026-09-03T08:54:55","slug":"appel-a-cotisation-federale-saison-2026-2027","status":"publish","type":"post","link":"https:\/\/sites.ffkarate.fr\/iledefrance\/2026\/09\/03\/appel-a-cotisation-federale-saison-2026-2027\/","title":{"rendered":"APPEL A COTISATION FEDERALE SAISON 2026\/2027"},"content":{"rendered":"<div class=\"wpb-content-wrapper\"><p>[vc_row][vc_column][vc_column_text]La Ligue R\u00e9gionale IDF, lance la campagne d&rsquo;appel \u00e0 Cotisation F\u00e9d\u00e9rale pour la <strong>Saison 2026-2027<\/strong>.<\/p>\n<p>Voici le formulaire \u00e0 remplir et \u00e0 renvoyer \u00e0 la Ligue IDF, accompagn\u00e9 du r\u00e8glement.<\/p>\n<p>Sportivement.[\/vc_column_text][\/vc_column][\/vc_row]<\/p>\n<\/div>","protected":false},"excerpt":{"rendered":"<p>[vc_row][vc_column][vc_column_text]La Ligue R\u00e9gionale IDF, lance la campagne d&rsquo;appel \u00e0 Cotisation F\u00e9d\u00e9rale pour la Saison 2026-2027. Voici le formulaire \u00e0 remplir et \u00e0 renvoyer \u00e0 la Ligue IDF, accompagn\u00e9 du r\u00e8glement. Sportivement.[\/vc_column_text][\/vc_column][\/vc_row]<\/p>\n","protected":false},"author":248,"featured_media":6735,"comment_status":"open","ping_status":"open","sticky":false,"template":"","format":"standard","meta":{"footnotes":""},"categories":[5],"tags":[],"class_list":["post-6748","post","type-post","status-publish","format-standard","hentry","category-actualites"],"_links":{"self":[{"href":"https:\/\/sites.ffkarate.fr\/iledefrance\/wp-json\/wp\/v2\/posts\/6748","targetHints":{"allow":["GET"]}}],"collection":[{"href":"https:\/\/sites.ffkarate.fr\/iledefrance\/wp-json\/wp\/v2\/posts"}],"about":[{"href":"https:\/\/sites.ffkarate.fr\/iledefrance\/wp-json\/wp\/v2\/types\/post"}],"author":[{"embeddable":true,"href":"https:\/\/sites.ffkarate.fr\/iledefrance\/wp-json\/wp\/v2\/users\/248"}],"replies":[{"embeddable":true,"href":"https:\/\/sites.ffkarate.fr\/iledefrance\/wp-json\/wp\/v2\/comments?post=6748"}],"version-history":[{"count":4,"href":"https:\/\/sites.ffkarate.fr\/iledefrance\/wp-json\/wp\/v2\/posts\/6748\/revisions"}],"predecessor-version":[{"id":6752,"href":"https:\/\/sites.ffkarate.fr\/iledefrance\/wp-json\/wp\/v2\/posts\/6748\/revisions\/6752"}],"wp:featuredmedia":[{"embeddable":true,"href":"https:\/\/sites.ffkarate.fr\/iledefrance\/wp-json\/wp\/v2\/media\/6735"}],"wp:attachment":[{"href":"https:\/\/sites.ffkarate.fr\/iledefrance\/wp-json\/wp\/v2\/media?parent=6748"}],"wp:term":[{"taxonomy":"category","embeddable":true,"href":"https:\/\/sites.ffkarate.fr\/iledefrance\/wp-json\/wp\/v2\/categories?post=6748"},{"taxonomy":"post_tag","embeddable":true,"href":"https:\/\/sites.ffkarate.fr\/iledefrance\/wp-json\/wp\/v2\/tags?post=6748"}],"curies":[{"name":"wp","href":"https:\/\/api.w.org\/{rel}","templated":true}]}}