{"id":1809,"date":"2026-08-29T11:10:03","date_gmt":"2026-08-29T09:10:03","guid":{"rendered":"https:\/\/sites.ffkarate.fr\/indre\/?p=1809"},"modified":"2026-08-29T11:10:03","modified_gmt":"2026-08-29T09:10:03","slug":"lequipe-de-france-de-karate-sentraine-a-chateauroux","status":"publish","type":"post","link":"https:\/\/sites.ffkarate.fr\/indre\/2026\/08\/29\/lequipe-de-france-de-karate-sentraine-a-chateauroux\/","title":{"rendered":"L&rsquo;\u00e9quipe de France de karat\u00e9 s&rsquo;entra\u00eene \u00e0 Ch\u00e2teauroux !"},"content":{"rendered":"<div class=\"wpb-content-wrapper\"><p>[vc_row][vc_column][vc_column_text]<\/p>\n<h2 dir=\"auto\">\u00a0 Du 24 au 28 ao\u00fbt, la Plaine d\u00e9partementale des sports de Ch\u00e2teauroux a v\u00e9cu au rythme du karat\u00e9 de haut niveau avec l&rsquo;accueil des \u00e9quipes de France Cadets, Juniors et Espoirs.<\/h2>\n<h2 dir=\"auto\">\u00c0 quelques semaines des Championnats du monde jeunes, qui se d\u00e9rouleront en octobre \u00e0 Bielsko-Bia\u0142a, en Pologne, les jeunes tricolores ont choisi Ch\u00e2teauroux pour un important stage de pr\u00e9paration.<\/h2>\n<h2 dir=\"auto\">Durant plusieurs jours, les athl\u00e8tes ont pu profiter d&rsquo;installations parfaitement adapt\u00e9es \u00e0 la performance, mais \u00e9galement d&rsquo;espaces permettant de travailler la r\u00e9cup\u00e9ration et la coh\u00e9sion du groupe.<\/h2>\n<h2 dir=\"auto\"><\/h2>\n<h2 dir=\"auto\">Une premi\u00e8re qui pourrait bien en appeler d&rsquo;autres !<\/h2>\n<h2 dir=\"auto\"><\/h2>\n<h2 dir=\"auto\">La qualit\u00e9 des infrastructures, la situation g\u00e9ographique de Ch\u00e2teauroux et les conditions d&rsquo;accueil ont \u00e9t\u00e9 particuli\u00e8rement appr\u00e9ci\u00e9es par les sportifs et l&rsquo;encadrement national. La pr\u00e9sence de Franck Bisson, entra\u00eeneur national des \u00e9quipes jeunes, et de Bruce Neuffer, Directeur Technique National, est venue confirmer l&rsquo;int\u00e9r\u00eat port\u00e9 \u00e0 notre territoire.<\/h2>\n<h2 dir=\"auto\">Pour le Comit\u00e9 de l&rsquo;Indre de Karat\u00e9, qui a \u0153uvr\u00e9 \u00e0 la concr\u00e9tisation de ce projet, accueillir la rel\u00e8ve du karat\u00e9 fran\u00e7ais repr\u00e9sente une v\u00e9ritable fiert\u00e9 et une belle reconnaissance du dynamisme de notre d\u00e9partement.<\/h2>\n<h2 dir=\"auto\"><\/h2>\n<h2 dir=\"auto\">\ud83d\ude4f Un grand merci au D\u00e9partement de l&rsquo;Indre pour la mise \u00e0 disposition de la Plaine d\u00e9partementale des sports, ainsi qu&rsquo;\u00e0 toutes les personnes, membres du Comit\u00e9, licenci\u00e9s et b\u00e9n\u00e9voles, qui ont contribu\u00e9 \u00e0 l&rsquo;accueil et \u00e0 la r\u00e9ussite de ce stage.<\/h2>\n<p>[\/vc_column_text][\/vc_column][\/vc_row]<\/p>\n<\/div>","protected":false},"excerpt":{"rendered":"<p>[vc_row][vc_column][vc_column_text] \u00a0 Du 24 au 28 ao\u00fbt, la Plaine d\u00e9partementale des sports de Ch\u00e2teauroux a v\u00e9cu au rythme du karat\u00e9 de haut niveau avec l&rsquo;accueil des \u00e9quipes de France Cadets, Juniors et Espoirs. \u00c0 quelques semaines des Championnats du monde jeunes, qui se d\u00e9rouleront en octobre \u00e0 Bielsko-Bia\u0142a, en Pologne, les jeunes tricolores ont choisi [&hellip;]<\/p>\n","protected":false},"author":51,"featured_media":1810,"comment_status":"open","ping_status":"open","sticky":false,"template":"","format":"standard","meta":{"footnotes":""},"categories":[1],"tags":[],"class_list":["post-1809","post","type-post","status-publish","format-standard","hentry","category-non-classe"],"_links":{"self":[{"href":"https:\/\/sites.ffkarate.fr\/indre\/wp-json\/wp\/v2\/posts\/1809","targetHints":{"allow":["GET"]}}],"collection":[{"href":"https:\/\/sites.ffkarate.fr\/indre\/wp-json\/wp\/v2\/posts"}],"about":[{"href":"https:\/\/sites.ffkarate.fr\/indre\/wp-json\/wp\/v2\/types\/post"}],"author":[{"embeddable":true,"href":"https:\/\/sites.ffkarate.fr\/indre\/wp-json\/wp\/v2\/users\/51"}],"replies":[{"embeddable":true,"href":"https:\/\/sites.ffkarate.fr\/indre\/wp-json\/wp\/v2\/comments?post=1809"}],"version-history":[{"count":2,"href":"https:\/\/sites.ffkarate.fr\/indre\/wp-json\/wp\/v2\/posts\/1809\/revisions"}],"predecessor-version":[{"id":1812,"href":"https:\/\/sites.ffkarate.fr\/indre\/wp-json\/wp\/v2\/posts\/1809\/revisions\/1812"}],"wp:featuredmedia":[{"embeddable":true,"href":"https:\/\/sites.ffkarate.fr\/indre\/wp-json\/wp\/v2\/media\/1810"}],"wp:attachment":[{"href":"https:\/\/sites.ffkarate.fr\/indre\/wp-json\/wp\/v2\/media?parent=1809"}],"wp:term":[{"taxonomy":"category","embeddable":true,"href":"https:\/\/sites.ffkarate.fr\/indre\/wp-json\/wp\/v2\/categories?post=1809"},{"taxonomy":"post_tag","embeddable":true,"href":"https:\/\/sites.ffkarate.fr\/indre\/wp-json\/wp\/v2\/tags?post=1809"}],"curies":[{"name":"wp","href":"https:\/\/api.w.org\/{rel}","templated":true}]}}