{"id":2109,"date":"2021-01-07T11:32:12","date_gmt":"2021-01-07T10:32:12","guid":{"rendered":"https:\/\/sites.ffkarate.fr\/isere\/?post_type=news&amp;p=2109"},"modified":"2021-01-07T11:32:12","modified_gmt":"2021-01-07T10:32:12","slug":"entrainement-departemental-kumite-le-17-janvier-2021","status":"publish","type":"post","link":"https:\/\/sites.ffkarate.fr\/isere\/2021\/01\/07\/entrainement-departemental-kumite-le-17-janvier-2021\/","title":{"rendered":"Entra\u00eenement d\u00e9partemental Kumit\u00e9 le 17 janvier 2021"},"content":{"rendered":"<div class=\"wpb-content-wrapper\"><p>[vc_row][vc_column][vc_column_text]<span style=\"color: #000000\">ENTRAINEMENT D\u00c9PARTEMENTAL KUMIT\u00c9 du 17 janvier 2021 <\/span><a href=\"https:\/\/sites.ffkarate.fr\/isere\/wp-content\/uploads\/sites\/62\/2021\/01\/CDKI-_affiche-entrainement-_52.jpg\"><img decoding=\"async\" class=\"  wp-image-2114 alignright\" src=\"https:\/\/sites.ffkarate.fr\/isere\/wp-content\/uploads\/sites\/62\/2021\/01\/CDKI-_affiche-entrainement-_52-212x300.jpg\" alt=\"CDKI-_affiche-entrainement-_5(2)\" width=\"167\" height=\"237\" \/><\/a><\/p>\n<p><a href=\"https:\/\/sites.ffkarate.fr\/isere\/wp-content\/uploads\/sites\/28\/2021\/01\/CDKI-_affiche-entrainement-_5.jpg\"><span style=\"color: #000000\">de 10 h00 \u00e0 12 h00<strong>\u00a0 exclusivement pour les licenci\u00e9s mineurs<\/strong><\/span><\/a><\/p>\n<p><a href=\"https:\/\/sites.ffkarate.fr\/isere\/wp-content\/uploads\/sites\/28\/2021\/01\/CDKI-_affiche-entrainement-_5.jpg\"><span style=\"color: #000000\">(normes sanitaires en vigueur)<\/span><\/a><\/p>\n<p>inscriptions fortement conseill\u00e9es sur <span style=\"color: #0000ff\">https:\/\/cally.com\/pwxcsh5gcbc95khk<\/span><\/p>\n<p>ATTENTION :\u00a0 il ne sera accept\u00e9 aucun accompagnant dans le gymnase<\/p>\n<p>Infos compl\u00e8tes sur :https:\/\/sites.ffkarate.fr\/isere\/calendrier\/[\/vc_column_text][\/vc_column][\/vc_row]<\/p>\n<\/div>","protected":false},"excerpt":{"rendered":"<p>[vc_row][vc_column][vc_column_text]ENTRAINEMENT D\u00c9PARTEMENTAL KUMIT\u00c9 du 17 janvier 2021 de 10 h00 \u00e0 12 h00\u00a0 exclusivement pour les licenci\u00e9s mineurs (normes sanitaires en vigueur) inscriptions fortement conseill\u00e9es sur https:\/\/cally.com\/pwxcsh5gcbc95khk ATTENTION :\u00a0 il ne sera accept\u00e9 aucun accompagnant dans le gymnase Infos compl\u00e8tes sur :https:\/\/sites.ffkarate.fr\/isere\/calendrier\/[\/vc_column_text][\/vc_column][\/vc_row]<\/p>\n","protected":false},"author":130,"featured_media":0,"comment_status":"closed","ping_status":"closed","sticky":false,"template":"","format":"standard","meta":{"footnotes":""},"categories":[1],"tags":[],"class_list":["post-2109","post","type-post","status-publish","format-standard","hentry","category-non-classe"],"_links":{"self":[{"href":"https:\/\/sites.ffkarate.fr\/isere\/wp-json\/wp\/v2\/posts\/2109","targetHints":{"allow":["GET"]}}],"collection":[{"href":"https:\/\/sites.ffkarate.fr\/isere\/wp-json\/wp\/v2\/posts"}],"about":[{"href":"https:\/\/sites.ffkarate.fr\/isere\/wp-json\/wp\/v2\/types\/post"}],"author":[{"embeddable":true,"href":"https:\/\/sites.ffkarate.fr\/isere\/wp-json\/wp\/v2\/users\/130"}],"replies":[{"embeddable":true,"href":"https:\/\/sites.ffkarate.fr\/isere\/wp-json\/wp\/v2\/comments?post=2109"}],"version-history":[{"count":0,"href":"https:\/\/sites.ffkarate.fr\/isere\/wp-json\/wp\/v2\/posts\/2109\/revisions"}],"wp:attachment":[{"href":"https:\/\/sites.ffkarate.fr\/isere\/wp-json\/wp\/v2\/media?parent=2109"}],"wp:term":[{"taxonomy":"category","embeddable":true,"href":"https:\/\/sites.ffkarate.fr\/isere\/wp-json\/wp\/v2\/categories?post=2109"},{"taxonomy":"post_tag","embeddable":true,"href":"https:\/\/sites.ffkarate.fr\/isere\/wp-json\/wp\/v2\/tags?post=2109"}],"curies":[{"name":"wp","href":"https:\/\/api.w.org\/{rel}","templated":true}]}}