{"id":2829,"date":"2022-05-19T19:51:57","date_gmt":"2022-05-19T17:51:57","guid":{"rendered":"https:\/\/sites.ffkarate.fr\/isere\/?p=2829"},"modified":"2022-05-19T19:51:57","modified_gmt":"2022-05-19T17:51:57","slug":"assemblee-generale-du-comite-departemental-de-karate-et-disciplines-associees","status":"publish","type":"post","link":"https:\/\/sites.ffkarate.fr\/isere\/2022\/05\/19\/assemblee-generale-du-comite-departemental-de-karate-et-disciplines-associees\/","title":{"rendered":"Assembl\u00e9e g\u00e9n\u00e9rale du Comit\u00e9 D\u00e9partemental de Karat\u00e9 et disciplines associ\u00e9es"},"content":{"rendered":"<div class=\"wpb-content-wrapper\"><p>[vc_row][vc_column][vc_column_text]<em>Saint Etienne de Crossey, le 19 mai 2022<\/em><\/p>\n<p>&nbsp;<\/p>\n<p>Objet\u00a0: Assembl\u00e9e g\u00e9n\u00e9rale du Comit\u00e9 D\u00e9partemental de Karat\u00e9 et disciplines associ\u00e9es<\/p>\n<p>&nbsp;<\/p>\n<p>Bonjour,<\/p>\n<p>Par la pr\u00e9sente je vous informe de la tenue de l\u2019assembl\u00e9e g\u00e9n\u00e9rale du comit\u00e9 d\u00e9partemental de karat\u00e9 et disciplines associ\u00e9es ayant comme objet\u00a0:<\/p>\n<p><strong>R\u00e9vocation du Comit\u00e9 Directeur du Comit\u00e9 D\u00e9partemental de l\u2019Is\u00e8re.<\/strong><\/p>\n<p><strong>\u00a0<\/strong><\/p>\n<p>Celle-ci aura lieu le samedi 02 juillet 2022 \u00e0 18h00.<\/p>\n<p>&nbsp;<\/p>\n<p>Le lieu et l\u2019heure vous seront pr\u00e9cis\u00e9s ult\u00e9rieurement.<\/p>\n<p>La convocation, accompagn\u00e9e de la documentation utile vous seront adress\u00e9es ult\u00e9rieurement.<\/p>\n<p>&nbsp;<\/p>\n<p>Monsieur Thierry Lombardi ,<\/p>\n<p>Pr\u00e9sident du comit\u00e9 d\u00e9partemental<\/p>\n<p>de karat\u00e9 et disciplines associ\u00e9es.[\/vc_column_text][\/vc_column][\/vc_row]<\/p>\n<\/div>","protected":false},"excerpt":{"rendered":"<p>[vc_row][vc_column][vc_column_text]Saint Etienne de Crossey, le 19 mai 2022 &nbsp; Objet\u00a0: Assembl\u00e9e g\u00e9n\u00e9rale du Comit\u00e9 D\u00e9partemental de Karat\u00e9 et disciplines associ\u00e9es &nbsp; Bonjour, Par la pr\u00e9sente je vous informe de la tenue de l\u2019assembl\u00e9e g\u00e9n\u00e9rale du comit\u00e9 d\u00e9partemental de karat\u00e9 et disciplines associ\u00e9es ayant comme objet\u00a0: R\u00e9vocation du Comit\u00e9 Directeur du Comit\u00e9 D\u00e9partemental de l\u2019Is\u00e8re. \u00a0 [&hellip;]<\/p>\n","protected":false},"author":97,"featured_media":0,"comment_status":"closed","ping_status":"closed","sticky":false,"template":"","format":"standard","meta":{"footnotes":""},"categories":[1],"tags":[],"class_list":["post-2829","post","type-post","status-publish","format-standard","hentry","category-non-classe"],"_links":{"self":[{"href":"https:\/\/sites.ffkarate.fr\/isere\/wp-json\/wp\/v2\/posts\/2829","targetHints":{"allow":["GET"]}}],"collection":[{"href":"https:\/\/sites.ffkarate.fr\/isere\/wp-json\/wp\/v2\/posts"}],"about":[{"href":"https:\/\/sites.ffkarate.fr\/isere\/wp-json\/wp\/v2\/types\/post"}],"author":[{"embeddable":true,"href":"https:\/\/sites.ffkarate.fr\/isere\/wp-json\/wp\/v2\/users\/97"}],"replies":[{"embeddable":true,"href":"https:\/\/sites.ffkarate.fr\/isere\/wp-json\/wp\/v2\/comments?post=2829"}],"version-history":[{"count":3,"href":"https:\/\/sites.ffkarate.fr\/isere\/wp-json\/wp\/v2\/posts\/2829\/revisions"}],"predecessor-version":[{"id":2832,"href":"https:\/\/sites.ffkarate.fr\/isere\/wp-json\/wp\/v2\/posts\/2829\/revisions\/2832"}],"wp:attachment":[{"href":"https:\/\/sites.ffkarate.fr\/isere\/wp-json\/wp\/v2\/media?parent=2829"}],"wp:term":[{"taxonomy":"category","embeddable":true,"href":"https:\/\/sites.ffkarate.fr\/isere\/wp-json\/wp\/v2\/categories?post=2829"},{"taxonomy":"post_tag","embeddable":true,"href":"https:\/\/sites.ffkarate.fr\/isere\/wp-json\/wp\/v2\/tags?post=2829"}],"curies":[{"name":"wp","href":"https:\/\/api.w.org\/{rel}","templated":true}]}}