{"id":3089,"date":"2023-01-26T00:19:36","date_gmt":"2023-01-25T23:19:36","guid":{"rendered":"https:\/\/sites.ffkarate.fr\/isere\/?p=3089"},"modified":"2023-02-13T00:35:24","modified_gmt":"2023-02-12T23:35:24","slug":"eventuelle-nouvelle-session-pour-les-formations-afa-daf-et-dif","status":"publish","type":"post","link":"https:\/\/sites.ffkarate.fr\/isere\/2023\/01\/26\/eventuelle-nouvelle-session-pour-les-formations-afa-daf-et-dif\/","title":{"rendered":"Nouvelles sessions pour les formations AFA, DAF et DIF"},"content":{"rendered":"<div class=\"wpb-content-wrapper\"><p>[vc_row][vc_column][vc_column_text]<\/p>\n<div dir=\"auto\">De nouvelles sessions de formations AFA, DAF et DIF sont pr\u00e9vues \u00e0 partir du 29 avril 2023 (le lieu sera communiqu\u00e9 prochainement).<\/div>\n<div dir=\"auto\">\n<div dir=\"auto\"><strong>La date limite d&rsquo;inscription est le mercredi 1er mars 2023.<\/strong><\/div>\n<div dir=\"auto\">Les personnes int\u00e9ress\u00e9es doivent retourner le formulaire d&rsquo;inscription au plus tard \u00e0 cette date.<\/div>\n<div dir=\"auto\">Nouvelles dates de formations AFA, DAF et DIF :<\/div>\n<\/div>\n<div dir=\"auto\">\n<ul>\n<li class=\"ox-6011a33506-MsoNormal\">29 avril 2023 : AFA \/ DAF#1\/DIF#1(sans DAF)<\/li>\n<li class=\"ox-6011a33506-MsoNormal\">06 mai 2023 : DAF#2\/DIF#2(sans DAF)<\/li>\n<li class=\"ox-6011a33506-MsoNormal\"><em><strong>20 mai 2023 : Examen du DAF<\/strong><\/em><\/li>\n<li class=\"ox-6011a33506-MsoNormal\">27 mai 2023 : DIF#3(sans DAF)\/DIF#A(avec DAF)<\/li>\n<li class=\"ox-6011a33506-MsoNormal\">10 juin 2023 : DIF#4(sans DAF)\/DIF#B(avec DAF)<\/li>\n<li class=\"ox-6011a33506-MsoNormal\"><em><strong>17 juin 2023 : Examen du DIF<\/strong><\/em><\/li>\n<\/ul>\n<\/div>\n<div dir=\"auto\">Toutes les informations et les formulaires d&rsquo;inscription sont sur la page Formations <a href=\"https:\/\/sites.ffkarate.fr\/isere\/formations\/\">https:\/\/sites.ffkarate.fr\/isere\/formations\/<\/a> et aupr\u00e8s du responsable des formations \u00e0 l\u2019adresse suivante : <a class=\"mailto-link\" href=\"mailto:formation.cdki@gmail.com\" target=\"_blank\" rel=\"noopener\">formation.cdki@gmail.com<\/a><\/div>\n<div dir=\"auto\"><\/div>\n<p>[\/vc_column_text][\/vc_column][\/vc_row]<\/p>\n<\/div>","protected":false},"excerpt":{"rendered":"<p>[vc_row][vc_column][vc_column_text] De nouvelles sessions de formations AFA, DAF et DIF sont pr\u00e9vues \u00e0 partir du 29 avril 2023 (le lieu sera communiqu\u00e9 prochainement). La date limite d&rsquo;inscription est le mercredi 1er mars 2023. Les personnes int\u00e9ress\u00e9es doivent retourner le formulaire d&rsquo;inscription au plus tard \u00e0 cette date. Nouvelles dates de formations AFA, DAF et DIF [&hellip;]<\/p>\n","protected":false},"author":216,"featured_media":0,"comment_status":"closed","ping_status":"closed","sticky":false,"template":"","format":"standard","meta":{"footnotes":""},"categories":[1],"tags":[],"class_list":["post-3089","post","type-post","status-publish","format-standard","hentry","category-non-classe"],"_links":{"self":[{"href":"https:\/\/sites.ffkarate.fr\/isere\/wp-json\/wp\/v2\/posts\/3089","targetHints":{"allow":["GET"]}}],"collection":[{"href":"https:\/\/sites.ffkarate.fr\/isere\/wp-json\/wp\/v2\/posts"}],"about":[{"href":"https:\/\/sites.ffkarate.fr\/isere\/wp-json\/wp\/v2\/types\/post"}],"author":[{"embeddable":true,"href":"https:\/\/sites.ffkarate.fr\/isere\/wp-json\/wp\/v2\/users\/216"}],"replies":[{"embeddable":true,"href":"https:\/\/sites.ffkarate.fr\/isere\/wp-json\/wp\/v2\/comments?post=3089"}],"version-history":[{"count":10,"href":"https:\/\/sites.ffkarate.fr\/isere\/wp-json\/wp\/v2\/posts\/3089\/revisions"}],"predecessor-version":[{"id":3127,"href":"https:\/\/sites.ffkarate.fr\/isere\/wp-json\/wp\/v2\/posts\/3089\/revisions\/3127"}],"wp:attachment":[{"href":"https:\/\/sites.ffkarate.fr\/isere\/wp-json\/wp\/v2\/media?parent=3089"}],"wp:term":[{"taxonomy":"category","embeddable":true,"href":"https:\/\/sites.ffkarate.fr\/isere\/wp-json\/wp\/v2\/categories?post=3089"},{"taxonomy":"post_tag","embeddable":true,"href":"https:\/\/sites.ffkarate.fr\/isere\/wp-json\/wp\/v2\/tags?post=3089"}],"curies":[{"name":"wp","href":"https:\/\/api.w.org\/{rel}","templated":true}]}}