{"id":3128,"date":"2023-02-18T23:53:39","date_gmt":"2023-02-18T22:53:39","guid":{"rendered":"https:\/\/sites.ffkarate.fr\/isere\/?p=3128"},"modified":"2023-03-05T23:09:15","modified_gmt":"2023-03-05T22:09:15","slug":"stage-de-formation-pratique-et-theorique-sur-le-contenu-des-examens-6eme-7eme-dan","status":"publish","type":"post","link":"https:\/\/sites.ffkarate.fr\/isere\/2023\/02\/18\/stage-de-formation-pratique-et-theorique-sur-le-contenu-des-examens-6eme-7eme-dan\/","title":{"rendered":"Stage de formation pratique et th\u00e9orique sur le contenu des examens 6\u00e8me &amp; 7\u00e8me dan"},"content":{"rendered":"<div class=\"wpb-content-wrapper\"><p>[vc_row][vc_column][vc_column_text]Ce rassemblement dirig\u00e9 par Bernard Bilicki, expert f\u00e9d\u00e9ral 9\u00e8me dan, \u00e9tait ouvert aux grad\u00e9s du 5\u00e8me au 6\u00e8me dan du d\u00e9partement et de la ZID Dauphin\u00e9 Savoie et s&rsquo;est d\u00e9roul\u00e9 le dimanche 26 f\u00e9vrier 2023.<\/p>\n<p>Vous trouverez ci-dessous le compte rendu du d\u00e9roulement de ce stage et les objectifs fix\u00e9s \u00e0 celui-ci.<\/p>\n<p><a href=\"https:\/\/sites.ffkarate.fr\/isere\/wp-content\/uploads\/sites\/62\/2023\/02\/B.-BILICKI-CR-Stage-CDKI-Preparation-aux-Grades-6e-et-7e-dan-26-02-2023.pdf\">B. BILICKI &#8211; CR Stage CDKI Pr\u00e9paration aux Grades 6\u00e8 et 7\u00e8 dan 26 02 2023<\/a><\/p>\n<p><a href=\"https:\/\/sites.ffkarate.fr\/isere\/wp-content\/uploads\/sites\/62\/2023\/01\/DTD-ISERE-BILICKI-Formation-pratique-et-theorique-examen-6e-7e-dan.pdf\">DTD-ISERE BILICKI Formation pratique et th\u00e9orique examen 6\u00e8 7\u00e8 dan<\/a><\/p>\n<p><img decoding=\"async\" class=\"alignnone wp-image-3102\" src=\"https:\/\/sites.ffkarate.fr\/isere\/wp-content\/uploads\/sites\/62\/2023\/01\/Stage-Dpt-38-ZID-DS-le-26-02-2023-Bilicki-2-201x300.jpg\" alt=\"\" width=\"489\" height=\"730\" srcset=\"https:\/\/sites.ffkarate.fr\/isere\/wp-content\/uploads\/sites\/62\/2023\/01\/Stage-Dpt-38-ZID-DS-le-26-02-2023-Bilicki-2-201x300.jpg 201w, https:\/\/sites.ffkarate.fr\/isere\/wp-content\/uploads\/sites\/62\/2023\/01\/Stage-Dpt-38-ZID-DS-le-26-02-2023-Bilicki-2.jpg 602w\" sizes=\"(max-width: 489px) 100vw, 489px\" \/>[\/vc_column_text][\/vc_column][\/vc_row]<\/p>\n<\/div>","protected":false},"excerpt":{"rendered":"<p>[vc_row][vc_column][vc_column_text]Ce rassemblement dirig\u00e9 par Bernard Bilicki, expert f\u00e9d\u00e9ral 9\u00e8me dan, \u00e9tait ouvert aux grad\u00e9s du 5\u00e8me au 6\u00e8me dan du d\u00e9partement et de la ZID Dauphin\u00e9 Savoie et s&rsquo;est d\u00e9roul\u00e9 le dimanche 26 f\u00e9vrier 2023. Vous trouverez ci-dessous le compte rendu du d\u00e9roulement de ce stage et les objectifs fix\u00e9s \u00e0 celui-ci. B. BILICKI &#8211; [&hellip;]<\/p>\n","protected":false},"author":216,"featured_media":0,"comment_status":"closed","ping_status":"closed","sticky":false,"template":"","format":"standard","meta":{"footnotes":""},"categories":[1],"tags":[],"class_list":["post-3128","post","type-post","status-publish","format-standard","hentry","category-non-classe"],"_links":{"self":[{"href":"https:\/\/sites.ffkarate.fr\/isere\/wp-json\/wp\/v2\/posts\/3128","targetHints":{"allow":["GET"]}}],"collection":[{"href":"https:\/\/sites.ffkarate.fr\/isere\/wp-json\/wp\/v2\/posts"}],"about":[{"href":"https:\/\/sites.ffkarate.fr\/isere\/wp-json\/wp\/v2\/types\/post"}],"author":[{"embeddable":true,"href":"https:\/\/sites.ffkarate.fr\/isere\/wp-json\/wp\/v2\/users\/216"}],"replies":[{"embeddable":true,"href":"https:\/\/sites.ffkarate.fr\/isere\/wp-json\/wp\/v2\/comments?post=3128"}],"version-history":[{"count":8,"href":"https:\/\/sites.ffkarate.fr\/isere\/wp-json\/wp\/v2\/posts\/3128\/revisions"}],"predecessor-version":[{"id":3147,"href":"https:\/\/sites.ffkarate.fr\/isere\/wp-json\/wp\/v2\/posts\/3128\/revisions\/3147"}],"wp:attachment":[{"href":"https:\/\/sites.ffkarate.fr\/isere\/wp-json\/wp\/v2\/media?parent=3128"}],"wp:term":[{"taxonomy":"category","embeddable":true,"href":"https:\/\/sites.ffkarate.fr\/isere\/wp-json\/wp\/v2\/categories?post=3128"},{"taxonomy":"post_tag","embeddable":true,"href":"https:\/\/sites.ffkarate.fr\/isere\/wp-json\/wp\/v2\/tags?post=3128"}],"curies":[{"name":"wp","href":"https:\/\/api.w.org\/{rel}","templated":true}]}}