{"id":3345,"date":"2023-09-17T23:48:20","date_gmt":"2023-09-17T21:48:20","guid":{"rendered":"https:\/\/sites.ffkarate.fr\/isere\/?p=3345"},"modified":"2023-09-17T23:48:20","modified_gmt":"2023-09-17T21:48:20","slug":"nomination-de-philippe-vivancos-au-poste-de-responsable-de-la-commission-formations","status":"publish","type":"post","link":"https:\/\/sites.ffkarate.fr\/isere\/2023\/09\/17\/nomination-de-philippe-vivancos-au-poste-de-responsable-de-la-commission-formations\/","title":{"rendered":"Nomination de Philippe VIVANCOS au poste de responsable de la commission Formations"},"content":{"rendered":"<div class=\"wpb-content-wrapper\"><p>[vc_row][vc_column][vc_column_text]<img decoding=\"async\" class=\"alignnone wp-image-3338\" src=\"https:\/\/sites.ffkarate.fr\/isere\/wp-content\/uploads\/sites\/62\/2023\/09\/Philippe-Vivancos-2-300x298.png\" alt=\"\" width=\"253\" height=\"251\" srcset=\"https:\/\/sites.ffkarate.fr\/isere\/wp-content\/uploads\/sites\/62\/2023\/09\/Philippe-Vivancos-2-300x298.png 300w, https:\/\/sites.ffkarate.fr\/isere\/wp-content\/uploads\/sites\/62\/2023\/09\/Philippe-Vivancos-2-176x176.png 176w, https:\/\/sites.ffkarate.fr\/isere\/wp-content\/uploads\/sites\/62\/2023\/09\/Philippe-Vivancos-2-150x150.png 150w, https:\/\/sites.ffkarate.fr\/isere\/wp-content\/uploads\/sites\/62\/2023\/09\/Philippe-Vivancos-2.png 325w\" sizes=\"(max-width: 253px) 100vw, 253px\" \/><\/p>\n<p>Philippe VIVANCOS a \u00e9t\u00e9 nomm\u00e9 responsable de la commission Formations du d\u00e9partement de l&rsquo;Is\u00e8re pour la saison 2023 \/ 2024. Vous trouverez ci-dessous la lettre du Directeur Technique D\u00e9partemental informant de cette nomination.<\/p>\n<p><a href=\"https:\/\/sites.ffkarate.fr\/isere\/wp-content\/uploads\/sites\/62\/2023\/09\/P.-VIVANCOS-Responsable-Formation-CDK-Isere-2022-2023.pdf\">P. VIVANCOS &#8211; Responsable Formation CDK Isere 2022-2023<\/a>[\/vc_column_text][\/vc_column][\/vc_row]<\/p>\n<\/div>","protected":false},"excerpt":{"rendered":"<p>[vc_row][vc_column][vc_column_text] Philippe VIVANCOS a \u00e9t\u00e9 nomm\u00e9 responsable de la commission Formations du d\u00e9partement de l&rsquo;Is\u00e8re pour la saison 2023 \/ 2024. Vous trouverez ci-dessous la lettre du Directeur Technique D\u00e9partemental informant de cette nomination. P. VIVANCOS &#8211; Responsable Formation CDK Isere 2022-2023[\/vc_column_text][\/vc_column][\/vc_row]<\/p>\n","protected":false},"author":216,"featured_media":0,"comment_status":"closed","ping_status":"closed","sticky":false,"template":"","format":"standard","meta":{"footnotes":""},"categories":[11],"tags":[],"class_list":["post-3345","post","type-post","status-publish","format-standard","hentry","category-formations"],"_links":{"self":[{"href":"https:\/\/sites.ffkarate.fr\/isere\/wp-json\/wp\/v2\/posts\/3345","targetHints":{"allow":["GET"]}}],"collection":[{"href":"https:\/\/sites.ffkarate.fr\/isere\/wp-json\/wp\/v2\/posts"}],"about":[{"href":"https:\/\/sites.ffkarate.fr\/isere\/wp-json\/wp\/v2\/types\/post"}],"author":[{"embeddable":true,"href":"https:\/\/sites.ffkarate.fr\/isere\/wp-json\/wp\/v2\/users\/216"}],"replies":[{"embeddable":true,"href":"https:\/\/sites.ffkarate.fr\/isere\/wp-json\/wp\/v2\/comments?post=3345"}],"version-history":[{"count":2,"href":"https:\/\/sites.ffkarate.fr\/isere\/wp-json\/wp\/v2\/posts\/3345\/revisions"}],"predecessor-version":[{"id":3348,"href":"https:\/\/sites.ffkarate.fr\/isere\/wp-json\/wp\/v2\/posts\/3345\/revisions\/3348"}],"wp:attachment":[{"href":"https:\/\/sites.ffkarate.fr\/isere\/wp-json\/wp\/v2\/media?parent=3345"}],"wp:term":[{"taxonomy":"category","embeddable":true,"href":"https:\/\/sites.ffkarate.fr\/isere\/wp-json\/wp\/v2\/categories?post=3345"},{"taxonomy":"post_tag","embeddable":true,"href":"https:\/\/sites.ffkarate.fr\/isere\/wp-json\/wp\/v2\/tags?post=3345"}],"curies":[{"name":"wp","href":"https:\/\/api.w.org\/{rel}","templated":true}]}}