{"id":3420,"date":"2023-10-31T00:01:03","date_gmt":"2023-10-30T23:01:03","guid":{"rendered":"https:\/\/sites.ffkarate.fr\/isere\/?p=3420"},"modified":"2023-10-31T00:02:38","modified_gmt":"2023-10-30T23:02:38","slug":"fete-des-60-ans-de-lacademic-karate-voiron","status":"publish","type":"post","link":"https:\/\/sites.ffkarate.fr\/isere\/2023\/10\/31\/fete-des-60-ans-de-lacademic-karate-voiron\/","title":{"rendered":"F\u00eate des 60 ans de l&rsquo;ACADEMIC&rsquo; KARATE VOIRON"},"content":{"rendered":"<div class=\"wpb-content-wrapper\"><p>[vc_row][vc_column][vc_column_text]L&rsquo;Academic&rsquo; Karat\u00e9 Voiron f\u00eate ses 60 ans d&rsquo;existence le samedi 18 novembre et propose \u00e0 cette occasion :<\/p>\n<ul>\n<li>Un stage de karat\u00e9 avec Steven DA COSTA (champion olympique, triple champion du monde et triple champion d&rsquo;Europe)<\/li>\n<li>Une soir\u00e9e avec des animations, une pr\u00e9sentation du club et des d\u00e9monstrations de karat\u00e9<\/li>\n<\/ul>\n<p>Vous trouverez ci-dessous le d\u00e9tail du d\u00e9roulement de cette journ\u00e9e qui aura lieu \u00e0 Voiron (38) au domaine de la Brunerie, salle Everest<\/p>\n<p><a href=\"https:\/\/sites.ffkarate.fr\/isere\/wp-content\/uploads\/sites\/62\/2023\/10\/Affiche-Academic-Karate-Voiron-celebre-ses-60-ans.pdf\">Affiche Academic Karat\u00e9 Voiron c\u00e9l\u00e8bre ses 60 ans<\/a><\/p>\n<p><img decoding=\"async\" class=\"alignnone wp-image-3417\" src=\"https:\/\/sites.ffkarate.fr\/isere\/wp-content\/uploads\/sites\/62\/2023\/10\/Affiche-Academic-Karate-Voiron-celebre-ses-60-ans-page-1-213x300.png\" alt=\"\" width=\"430\" height=\"606\" srcset=\"https:\/\/sites.ffkarate.fr\/isere\/wp-content\/uploads\/sites\/62\/2023\/10\/Affiche-Academic-Karate-Voiron-celebre-ses-60-ans-page-1-213x300.png 213w, https:\/\/sites.ffkarate.fr\/isere\/wp-content\/uploads\/sites\/62\/2023\/10\/Affiche-Academic-Karate-Voiron-celebre-ses-60-ans-page-1.png 364w\" sizes=\"(max-width: 430px) 100vw, 430px\" \/>[\/vc_column_text][\/vc_column][\/vc_row]<\/p>\n<\/div>","protected":false},"excerpt":{"rendered":"<p>[vc_row][vc_column][vc_column_text]L&rsquo;Academic&rsquo; Karat\u00e9 Voiron f\u00eate ses 60 ans d&rsquo;existence le samedi 18 novembre et propose \u00e0 cette occasion : Un stage de karat\u00e9 avec Steven DA COSTA (champion olympique, triple champion du monde et triple champion d&rsquo;Europe) Une soir\u00e9e avec des animations, une pr\u00e9sentation du club et des d\u00e9monstrations de karat\u00e9 Vous trouverez ci-dessous le d\u00e9tail [&hellip;]<\/p>\n","protected":false},"author":216,"featured_media":0,"comment_status":"closed","ping_status":"closed","sticky":false,"template":"","format":"standard","meta":{"footnotes":""},"categories":[1],"tags":[],"class_list":["post-3420","post","type-post","status-publish","format-standard","hentry","category-non-classe"],"_links":{"self":[{"href":"https:\/\/sites.ffkarate.fr\/isere\/wp-json\/wp\/v2\/posts\/3420","targetHints":{"allow":["GET"]}}],"collection":[{"href":"https:\/\/sites.ffkarate.fr\/isere\/wp-json\/wp\/v2\/posts"}],"about":[{"href":"https:\/\/sites.ffkarate.fr\/isere\/wp-json\/wp\/v2\/types\/post"}],"author":[{"embeddable":true,"href":"https:\/\/sites.ffkarate.fr\/isere\/wp-json\/wp\/v2\/users\/216"}],"replies":[{"embeddable":true,"href":"https:\/\/sites.ffkarate.fr\/isere\/wp-json\/wp\/v2\/comments?post=3420"}],"version-history":[{"count":3,"href":"https:\/\/sites.ffkarate.fr\/isere\/wp-json\/wp\/v2\/posts\/3420\/revisions"}],"predecessor-version":[{"id":3423,"href":"https:\/\/sites.ffkarate.fr\/isere\/wp-json\/wp\/v2\/posts\/3420\/revisions\/3423"}],"wp:attachment":[{"href":"https:\/\/sites.ffkarate.fr\/isere\/wp-json\/wp\/v2\/media?parent=3420"}],"wp:term":[{"taxonomy":"category","embeddable":true,"href":"https:\/\/sites.ffkarate.fr\/isere\/wp-json\/wp\/v2\/categories?post=3420"},{"taxonomy":"post_tag","embeddable":true,"href":"https:\/\/sites.ffkarate.fr\/isere\/wp-json\/wp\/v2\/tags?post=3420"}],"curies":[{"name":"wp","href":"https:\/\/api.w.org\/{rel}","templated":true}]}}