{"id":493,"date":"2015-11-23T22:24:42","date_gmt":"2015-11-23T21:24:42","guid":{"rendered":"https:\/\/sites.ffkarate.fr\/isere\/?post_type=news&amp;p=493"},"modified":"2015-11-23T22:24:42","modified_gmt":"2015-11-23T21:24:42","slug":"493","status":"publish","type":"post","link":"https:\/\/sites.ffkarate.fr\/isere\/2015\/11\/23\/493\/","title":{"rendered":"Assembl\u00e9e G\u00e9n\u00e9rale"},"content":{"rendered":"<div class=\"wpb-content-wrapper\"><p>[vc_row][vc_column][vc_column_text]Bonjour \u00e0 toutes et tous,<\/p>\n<p>Vous trouverez ici \u00a0les ordres du jour relatifs aux\u00a0deux Assembl\u00e9es G\u00e9n\u00e9rales de notre comit\u00e9 d\u00e9partemental qui se tiendront le\u00a0<u>Dimanche 6 D\u00e9cembre.<\/u><\/p>\n<ul>\n<li>15H00 &#8211; 15h15 \u00a0 \u00a0 \u00a0Emargement des pr\u00e9sidentes et pr\u00e9sidents ou de leurs repr\u00e9sentant(e)s.<\/li>\n<li>15h15 &#8211; 15h30 \u00a0 \u00a0 \u00a0Remise de r\u00e9compenses<\/li>\n<li>15h30 &#8211; 16h15 \u00a0 \u00a0 \u00a0Assembl\u00e9e G\u00e9n\u00e9rale Extraordinaire<\/li>\n<\/ul>\n<p>Vote pour l&rsquo;approbation des nouveaux statuts et r\u00e8glement int\u00e9rieur<\/p>\n<ul>\n<li>16h15 &#8211; 18h00 \u00a0 \u00a0 \u00a0 Assembl\u00e9e G\u00e9n\u00e9rale Ordinaire<\/li>\n<\/ul>\n<p>Ces r\u00e9unions se tiendront salle Ren\u00e9 Cr\u00e9tin, au stade Colette Besson, \u00a0274 Route des B\u00e9thanies, 38430 Moirans<\/p>\n<p>Bien cordialement,<br \/>\nLaurent Le Pailleur, \u00a0Pr\u00e9sident<\/p>\n<p><a href=\"https:\/\/sites.ffkarate.fr\/isere\/wp-content\/uploads\/sites\/28\/2015\/11\/Convocation-AG-CDI-Karate-et-DA-dec-2015.pdf\">Convocation AG CDI Karate et DA- dec 2015<\/a><\/p>\n<p><a href=\"https:\/\/sites.ffkarate.fr\/isere\/wp-content\/uploads\/sites\/28\/2015\/11\/Convocation-AGE-CDI-Karate-et-DA-dec-2015.pdf\">Convocation AGE CDI Karate et DA- dec 2015<\/a>[\/vc_column_text][\/vc_column][\/vc_row]<\/p>\n<\/div>","protected":false},"excerpt":{"rendered":"<p>[vc_row][vc_column][vc_column_text]Bonjour \u00e0 toutes et tous, Vous trouverez ici \u00a0les ordres du jour relatifs aux\u00a0deux Assembl\u00e9es G\u00e9n\u00e9rales de notre comit\u00e9 d\u00e9partemental qui se tiendront le\u00a0Dimanche 6 D\u00e9cembre. 15H00 &#8211; 15h15 \u00a0 \u00a0 \u00a0Emargement des pr\u00e9sidentes et pr\u00e9sidents ou de leurs repr\u00e9sentant(e)s. 15h15 &#8211; 15h30 \u00a0 \u00a0 \u00a0Remise de r\u00e9compenses 15h30 &#8211; 16h15 \u00a0 \u00a0 \u00a0Assembl\u00e9e G\u00e9n\u00e9rale [&hellip;]<\/p>\n","protected":false},"author":97,"featured_media":0,"comment_status":"closed","ping_status":"closed","sticky":false,"template":"","format":"standard","meta":{"footnotes":""},"categories":[1],"tags":[],"class_list":["post-493","post","type-post","status-publish","format-standard","hentry","category-non-classe"],"_links":{"self":[{"href":"https:\/\/sites.ffkarate.fr\/isere\/wp-json\/wp\/v2\/posts\/493","targetHints":{"allow":["GET"]}}],"collection":[{"href":"https:\/\/sites.ffkarate.fr\/isere\/wp-json\/wp\/v2\/posts"}],"about":[{"href":"https:\/\/sites.ffkarate.fr\/isere\/wp-json\/wp\/v2\/types\/post"}],"author":[{"embeddable":true,"href":"https:\/\/sites.ffkarate.fr\/isere\/wp-json\/wp\/v2\/users\/97"}],"replies":[{"embeddable":true,"href":"https:\/\/sites.ffkarate.fr\/isere\/wp-json\/wp\/v2\/comments?post=493"}],"version-history":[{"count":0,"href":"https:\/\/sites.ffkarate.fr\/isere\/wp-json\/wp\/v2\/posts\/493\/revisions"}],"wp:attachment":[{"href":"https:\/\/sites.ffkarate.fr\/isere\/wp-json\/wp\/v2\/media?parent=493"}],"wp:term":[{"taxonomy":"category","embeddable":true,"href":"https:\/\/sites.ffkarate.fr\/isere\/wp-json\/wp\/v2\/categories?post=493"},{"taxonomy":"post_tag","embeddable":true,"href":"https:\/\/sites.ffkarate.fr\/isere\/wp-json\/wp\/v2\/tags?post=493"}],"curies":[{"name":"wp","href":"https:\/\/api.w.org\/{rel}","templated":true}]}}