{"id":516,"date":"2016-01-09T16:30:24","date_gmt":"2016-01-09T15:30:24","guid":{"rendered":"https:\/\/sites.ffkarate.fr\/isere\/?post_type=news&amp;p=516"},"modified":"2016-01-09T16:30:24","modified_gmt":"2016-01-09T15:30:24","slug":"remise-de-recompenses-lors-de-lassemblee-generale","status":"publish","type":"post","link":"https:\/\/sites.ffkarate.fr\/isere\/2016\/01\/09\/remise-de-recompenses-lors-de-lassemblee-generale\/","title":{"rendered":"Remise de r\u00e9compenses lors de l&rsquo;Assembl\u00e9e G\u00e9n\u00e9rale"},"content":{"rendered":"<div class=\"wpb-content-wrapper\"><p>[vc_row][vc_column][vc_column_text]<\/p>\n<p style=\"margin-bottom: .0001pt\"><a href=\"https:\/\/sites.ffkarate.fr\/isere\/wp-content\/uploads\/sites\/28\/2016\/01\/news-recompenses-CDIK-151206.jpg\"><img decoding=\"async\" class=\" size-medium wp-image-517 alignleft\" src=\"https:\/\/sites.ffkarate.fr\/isere\/wp-content\/uploads\/sites\/28\/2016\/01\/news-recompenses-CDIK-151206-300x191.jpg\" alt=\"news-recompenses CDIK 151206\" width=\"300\" height=\"191\" \/><\/a>Lors de notre assembl\u00e9e g\u00e9n\u00e9rale de d\u00e9cembre, le comit\u00e9 a souhait\u00e9 r\u00e9compenser certains comp\u00e9titeurs qui se sont illustr\u00e9s par leurs r\u00e9sultats sportifs durant la saison 2014\/2015, un petit cadeau sous forme de bon d&rsquo;achat leur a \u00e9t\u00e9 remis \u00e0 cette occasion.<\/p>\n<p>[\/vc_column_text][\/vc_column][\/vc_row]<\/p>\n<\/div>","protected":false},"excerpt":{"rendered":"<p>[vc_row][vc_column][vc_column_text] Lors de notre assembl\u00e9e g\u00e9n\u00e9rale de d\u00e9cembre, le comit\u00e9 a souhait\u00e9 r\u00e9compenser certains comp\u00e9titeurs qui se sont illustr\u00e9s par leurs r\u00e9sultats sportifs durant la saison 2014\/2015, un petit cadeau sous forme de bon d&rsquo;achat leur a \u00e9t\u00e9 remis \u00e0 cette occasion. [\/vc_column_text][\/vc_column][\/vc_row]<\/p>\n","protected":false},"author":97,"featured_media":0,"comment_status":"closed","ping_status":"closed","sticky":false,"template":"","format":"standard","meta":{"footnotes":""},"categories":[1],"tags":[],"class_list":["post-516","post","type-post","status-publish","format-standard","hentry","category-non-classe"],"_links":{"self":[{"href":"https:\/\/sites.ffkarate.fr\/isere\/wp-json\/wp\/v2\/posts\/516","targetHints":{"allow":["GET"]}}],"collection":[{"href":"https:\/\/sites.ffkarate.fr\/isere\/wp-json\/wp\/v2\/posts"}],"about":[{"href":"https:\/\/sites.ffkarate.fr\/isere\/wp-json\/wp\/v2\/types\/post"}],"author":[{"embeddable":true,"href":"https:\/\/sites.ffkarate.fr\/isere\/wp-json\/wp\/v2\/users\/97"}],"replies":[{"embeddable":true,"href":"https:\/\/sites.ffkarate.fr\/isere\/wp-json\/wp\/v2\/comments?post=516"}],"version-history":[{"count":0,"href":"https:\/\/sites.ffkarate.fr\/isere\/wp-json\/wp\/v2\/posts\/516\/revisions"}],"wp:attachment":[{"href":"https:\/\/sites.ffkarate.fr\/isere\/wp-json\/wp\/v2\/media?parent=516"}],"wp:term":[{"taxonomy":"category","embeddable":true,"href":"https:\/\/sites.ffkarate.fr\/isere\/wp-json\/wp\/v2\/categories?post=516"},{"taxonomy":"post_tag","embeddable":true,"href":"https:\/\/sites.ffkarate.fr\/isere\/wp-json\/wp\/v2\/tags?post=516"}],"curies":[{"name":"wp","href":"https:\/\/api.w.org\/{rel}","templated":true}]}}