{"id":518,"date":"2016-01-09T16:33:20","date_gmt":"2016-01-09T15:33:20","guid":{"rendered":"https:\/\/sites.ffkarate.fr\/isere\/?post_type=news&amp;p=518"},"modified":"2016-01-09T16:33:20","modified_gmt":"2016-01-09T15:33:20","slug":"medailles-federales","status":"publish","type":"post","link":"https:\/\/sites.ffkarate.fr\/isere\/2016\/01\/09\/medailles-federales\/","title":{"rendered":"M\u00e9dailles f\u00e9d\u00e9rales"},"content":{"rendered":"<div class=\"wpb-content-wrapper\"><p>[vc_row][vc_column][vc_column_text]<\/p>\n<table>\n<tbody>\n<tr>\n<td><a href=\"https:\/\/sites.ffkarate.fr\/isere\/wp-content\/uploads\/sites\/28\/2016\/01\/news-Etienne-Szabo-151206.jpg\"><img decoding=\"async\" class=\"alignleft size-medium wp-image-520\" src=\"https:\/\/sites.ffkarate.fr\/isere\/wp-content\/uploads\/sites\/28\/2016\/01\/news-Etienne-Szabo-151206-300x225.jpg\" alt=\"news-Etienne Szabo 151206\" width=\"300\" height=\"225\" \/><\/a><\/td>\n<td><a href=\"https:\/\/sites.ffkarate.fr\/isere\/wp-content\/uploads\/sites\/28\/2016\/01\/news-Georges-Eyssard-151206.jpg\"><img decoding=\"async\" class=\"alignleft size-medium wp-image-519\" src=\"https:\/\/sites.ffkarate.fr\/isere\/wp-content\/uploads\/sites\/28\/2016\/01\/news-Georges-Eyssard-151206-300x245.jpg\" alt=\"news-Georges Eyssard 151206\" width=\"300\" height=\"245\" \/><\/a><\/td>\n<\/tr>\n<\/tbody>\n<\/table>\n<p style=\"margin-bottom: .0001pt\">En reconnaissance de leur engagement sans faille au service de la FFKarat\u00e9 et du d\u00e9partement de l&rsquo;Is\u00e8re, nous avons eu le plaisir et la fiert\u00e9 de remettre lors de l&rsquo;assembl\u00e9e g\u00e9n\u00e9rale du comit\u00e9 et devant les repr\u00e9sentants des clubs et membres pr\u00e9sents la m\u00e9daille d&rsquo;Argent de la F\u00e9d\u00e9ration \u00e0 messieurs Georges Eyssard et Etienne Szabo.<\/p>\n<p>[\/vc_column_text][\/vc_column][\/vc_row]<\/p>\n<\/div>","protected":false},"excerpt":{"rendered":"<p>[vc_row][vc_column][vc_column_text] En reconnaissance de leur engagement sans faille au service de la FFKarat\u00e9 et du d\u00e9partement de l&rsquo;Is\u00e8re, nous avons eu le plaisir et la fiert\u00e9 de remettre lors de l&rsquo;assembl\u00e9e g\u00e9n\u00e9rale du comit\u00e9 et devant les repr\u00e9sentants des clubs et membres pr\u00e9sents la m\u00e9daille d&rsquo;Argent de la F\u00e9d\u00e9ration \u00e0 messieurs Georges Eyssard et Etienne [&hellip;]<\/p>\n","protected":false},"author":97,"featured_media":0,"comment_status":"closed","ping_status":"closed","sticky":false,"template":"","format":"standard","meta":{"footnotes":""},"categories":[1],"tags":[],"class_list":["post-518","post","type-post","status-publish","format-standard","hentry","category-non-classe"],"_links":{"self":[{"href":"https:\/\/sites.ffkarate.fr\/isere\/wp-json\/wp\/v2\/posts\/518","targetHints":{"allow":["GET"]}}],"collection":[{"href":"https:\/\/sites.ffkarate.fr\/isere\/wp-json\/wp\/v2\/posts"}],"about":[{"href":"https:\/\/sites.ffkarate.fr\/isere\/wp-json\/wp\/v2\/types\/post"}],"author":[{"embeddable":true,"href":"https:\/\/sites.ffkarate.fr\/isere\/wp-json\/wp\/v2\/users\/97"}],"replies":[{"embeddable":true,"href":"https:\/\/sites.ffkarate.fr\/isere\/wp-json\/wp\/v2\/comments?post=518"}],"version-history":[{"count":0,"href":"https:\/\/sites.ffkarate.fr\/isere\/wp-json\/wp\/v2\/posts\/518\/revisions"}],"wp:attachment":[{"href":"https:\/\/sites.ffkarate.fr\/isere\/wp-json\/wp\/v2\/media?parent=518"}],"wp:term":[{"taxonomy":"category","embeddable":true,"href":"https:\/\/sites.ffkarate.fr\/isere\/wp-json\/wp\/v2\/categories?post=518"},{"taxonomy":"post_tag","embeddable":true,"href":"https:\/\/sites.ffkarate.fr\/isere\/wp-json\/wp\/v2\/tags?post=518"}],"curies":[{"name":"wp","href":"https:\/\/api.w.org\/{rel}","templated":true}]}}