{"id":574,"date":"2016-08-18T18:44:48","date_gmt":"2016-08-18T16:44:48","guid":{"rendered":"https:\/\/sites.ffkarate.fr\/isere\/?post_type=news&amp;p=574"},"modified":"2016-08-18T18:44:48","modified_gmt":"2016-08-18T16:44:48","slug":"triste-nouvelle","status":"publish","type":"post","link":"https:\/\/sites.ffkarate.fr\/isere\/2016\/08\/18\/triste-nouvelle\/","title":{"rendered":"Triste nouvelle"},"content":{"rendered":"<div class=\"wpb-content-wrapper\"><p>[vc_row][vc_column][vc_column_text]Nous avons l&rsquo;immense regret de vous annoncer le d\u00e9c\u00e8s de M. Franco Lombardi \u00e0 l&rsquo;\u00e2ge de 79 ans, pratiquant passionn\u00e9 de karat\u00e9 depuis de nombreuses ann\u00e9es.<\/p>\n<p>La c\u00e9r\u00e9monie aura lieu en l&rsquo;\u00e9glise Saint-Bruno de Voiron le vendredi 19 Ao\u00fbt 2016 \u00e0 14h suivie de sa cr\u00e9mation dans l&rsquo;intimit\u00e9 familiale. Condol\u00e9ances sur registre.<\/p>\n<p>Son fils,<br \/>\nThierry Lombardi[\/vc_column_text][\/vc_column][\/vc_row]<\/p>\n<\/div>","protected":false},"excerpt":{"rendered":"<p>[vc_row][vc_column][vc_column_text]Nous avons l&rsquo;immense regret de vous annoncer le d\u00e9c\u00e8s de M. Franco Lombardi \u00e0 l&rsquo;\u00e2ge de 79 ans, pratiquant passionn\u00e9 de karat\u00e9 depuis de nombreuses ann\u00e9es. La c\u00e9r\u00e9monie aura lieu en l&rsquo;\u00e9glise Saint-Bruno de Voiron le vendredi 19 Ao\u00fbt 2016 \u00e0 14h suivie de sa cr\u00e9mation dans l&rsquo;intimit\u00e9 familiale. Condol\u00e9ances sur registre. Son fils, Thierry [&hellip;]<\/p>\n","protected":false},"author":97,"featured_media":0,"comment_status":"closed","ping_status":"closed","sticky":false,"template":"","format":"standard","meta":{"footnotes":""},"categories":[1],"tags":[],"class_list":["post-574","post","type-post","status-publish","format-standard","hentry","category-non-classe"],"_links":{"self":[{"href":"https:\/\/sites.ffkarate.fr\/isere\/wp-json\/wp\/v2\/posts\/574","targetHints":{"allow":["GET"]}}],"collection":[{"href":"https:\/\/sites.ffkarate.fr\/isere\/wp-json\/wp\/v2\/posts"}],"about":[{"href":"https:\/\/sites.ffkarate.fr\/isere\/wp-json\/wp\/v2\/types\/post"}],"author":[{"embeddable":true,"href":"https:\/\/sites.ffkarate.fr\/isere\/wp-json\/wp\/v2\/users\/97"}],"replies":[{"embeddable":true,"href":"https:\/\/sites.ffkarate.fr\/isere\/wp-json\/wp\/v2\/comments?post=574"}],"version-history":[{"count":0,"href":"https:\/\/sites.ffkarate.fr\/isere\/wp-json\/wp\/v2\/posts\/574\/revisions"}],"wp:attachment":[{"href":"https:\/\/sites.ffkarate.fr\/isere\/wp-json\/wp\/v2\/media?parent=574"}],"wp:term":[{"taxonomy":"category","embeddable":true,"href":"https:\/\/sites.ffkarate.fr\/isere\/wp-json\/wp\/v2\/categories?post=574"},{"taxonomy":"post_tag","embeddable":true,"href":"https:\/\/sites.ffkarate.fr\/isere\/wp-json\/wp\/v2\/tags?post=574"}],"curies":[{"name":"wp","href":"https:\/\/api.w.org\/{rel}","templated":true}]}}