{"id":603,"date":"2016-09-27T09:36:14","date_gmt":"2016-09-27T07:36:14","guid":{"rendered":"https:\/\/sites.ffkarate.fr\/isere\/?post_type=news&amp;p=603"},"modified":"2016-09-27T09:36:14","modified_gmt":"2016-09-27T07:36:14","slug":"coach-entrainement-technique-katas","status":"publish","type":"post","link":"https:\/\/sites.ffkarate.fr\/isere\/2016\/09\/27\/coach-entrainement-technique-katas\/","title":{"rendered":"Coach entrainement technique Katas"},"content":{"rendered":"<div class=\"wpb-content-wrapper\"><p>[vc_row][vc_column][vc_column_text]<\/p>\n<div>\n<div class=\"_1mf _1mj\"><span><span>Madame, Monsieur pr\u00e9sident(e) de club, professeurs <\/span><\/span><\/div>\n<\/div>\n<div><\/div>\n<div>\n<div class=\"_1mf _1mj\"><span><span>Dans le cadre de ses entrainements d\u00e9partementaux, le Comit\u00e9 D\u00e9partemental de Karat\u00e9 de l\u2019Is\u00e8re est \u00e0 la recherche d\u2019un \u00ab COACH \u00bb afin d\u2019apporter son exp\u00e9rience, son soutien permettant de faire progresser les pratiquants dans le domaine technique des katas.<\/span><\/span><\/div>\n<\/div>\n<div><\/div>\n<div>\n<div class=\"_1mf _1mj\"><span><span>Toutes personnes int\u00e9ress\u00e9es doit faire part de sa candidature par une lettre de motivation aupr\u00e8s du pr\u00e9sident du CDKI par mail \u00e0 l\u2019adresse suivante : thierry.lombardi@gmail.com avant le 09 octobre 2016.<\/span><\/span><\/div>\n<\/div>\n<div><\/div>\n<div>\n<div class=\"_1mf _1mj\"><span><span>Thierry LOMBARDI<\/span><\/span><\/div>\n<\/div>\n<div>\n<div class=\"_1mf _1mj\"><span><span>Pr\u00e9sident<\/span><\/span><\/div>\n<\/div>\n<p>[\/vc_column_text][\/vc_column][\/vc_row]<\/p>\n<\/div>","protected":false},"excerpt":{"rendered":"<p>[vc_row][vc_column][vc_column_text] Madame, Monsieur pr\u00e9sident(e) de club, professeurs Dans le cadre de ses entrainements d\u00e9partementaux, le Comit\u00e9 D\u00e9partemental de Karat\u00e9 de l\u2019Is\u00e8re est \u00e0 la recherche d\u2019un \u00ab COACH \u00bb afin d\u2019apporter son exp\u00e9rience, son soutien permettant de faire progresser les pratiquants dans le domaine technique des katas. Toutes personnes int\u00e9ress\u00e9es doit faire part de sa [&hellip;]<\/p>\n","protected":false},"author":97,"featured_media":0,"comment_status":"closed","ping_status":"closed","sticky":false,"template":"","format":"standard","meta":{"footnotes":""},"categories":[1],"tags":[],"class_list":["post-603","post","type-post","status-publish","format-standard","hentry","category-non-classe"],"_links":{"self":[{"href":"https:\/\/sites.ffkarate.fr\/isere\/wp-json\/wp\/v2\/posts\/603","targetHints":{"allow":["GET"]}}],"collection":[{"href":"https:\/\/sites.ffkarate.fr\/isere\/wp-json\/wp\/v2\/posts"}],"about":[{"href":"https:\/\/sites.ffkarate.fr\/isere\/wp-json\/wp\/v2\/types\/post"}],"author":[{"embeddable":true,"href":"https:\/\/sites.ffkarate.fr\/isere\/wp-json\/wp\/v2\/users\/97"}],"replies":[{"embeddable":true,"href":"https:\/\/sites.ffkarate.fr\/isere\/wp-json\/wp\/v2\/comments?post=603"}],"version-history":[{"count":0,"href":"https:\/\/sites.ffkarate.fr\/isere\/wp-json\/wp\/v2\/posts\/603\/revisions"}],"wp:attachment":[{"href":"https:\/\/sites.ffkarate.fr\/isere\/wp-json\/wp\/v2\/media?parent=603"}],"wp:term":[{"taxonomy":"category","embeddable":true,"href":"https:\/\/sites.ffkarate.fr\/isere\/wp-json\/wp\/v2\/categories?post=603"},{"taxonomy":"post_tag","embeddable":true,"href":"https:\/\/sites.ffkarate.fr\/isere\/wp-json\/wp\/v2\/tags?post=603"}],"curies":[{"name":"wp","href":"https:\/\/api.w.org\/{rel}","templated":true}]}}