{"id":650,"date":"2016-11-02T14:35:54","date_gmt":"2016-11-02T13:35:54","guid":{"rendered":"https:\/\/sites.ffkarate.fr\/isere\/?post_type=news&amp;p=650"},"modified":"2016-11-02T14:35:54","modified_gmt":"2016-11-02T13:35:54","slug":"assemblees-generales-et-election-des-representants-des-clubs","status":"publish","type":"post","link":"https:\/\/sites.ffkarate.fr\/isere\/2016\/11\/02\/assemblees-generales-et-election-des-representants-des-clubs\/","title":{"rendered":"Assembl\u00e9es G\u00e9n\u00e9rales et Election des repr\u00e9sentants des clubs"},"content":{"rendered":"<div class=\"wpb-content-wrapper\"><p>[vc_row][vc_column][vc_column_text]Chers Pr\u00e9sidentes et Pr\u00e9sidents,<\/p>\n<p>Vous trouverez en pi\u00e8ces jointes \u00a0les ordres du jour et divers documents relatifs aux\u00a0deux Assembl\u00e9es G\u00e9n\u00e9rales et \u00e0 l&rsquo;\u00e9lection des repr\u00e9sentants des clubs\u00a0de notre comit\u00e9 d\u00e9partemental qui se tiendront le\u00a0<u>Dimanche 20 Novembre 2016.<\/u><\/p>\n<p>&nbsp;<\/p>\n<p><u>1<\/u>4H30 &#8211; 15h00 \u00a0 \u00a0Emargement des pr\u00e9sidentes et pr\u00e9sidents ou de leurs repr\u00e9sentant(e)s.<\/p>\n<p>15h00 &#8211; 15h50\u00a0\u00a0\u00a0\u00a0Assembl\u00e9e G\u00e9n\u00e9rale Elective.<\/p>\n<p>16h00 &#8211; 16h50\u00a0\u00a0\u00a0\u00a0Assembl\u00e9e G\u00e9n\u00e9rale Extraordinaire.<\/p>\n<p>17h00 &#8211; 18h00\u00a0\u00a0\u00a0\u00a0Election des repr\u00e9sentants des clubs.<\/p>\n<p>&nbsp;<\/p>\n<p>A la cl\u00f4ture de l&rsquo;Assembl\u00e9e G\u00e9n\u00e9rale, nous vous convions \u00e0 partager le verre de l&rsquo;amiti\u00e9.<\/p>\n<p>Ces r\u00e9unions se tiendront salle du conseil, Mairie, 38960 Saint Etienne de Crossey.<\/p>\n<p>Merci de noter que ce 20 novembre 2016,\u00a0\u00a0il y aura 2\u00a0AG\u00a0diff\u00e9rentes ainsi que l\u2019\u00e9lection des repr\u00e9sentants des clubs.<\/p>\n<p>Des d\u00e9cisions importantes devront \u00eatre prises ce 20 novembre 2016 et nous vous remercions \u00e0 l\u2019avance de votre pr\u00e9sence ou de vos mandats\/procuration afin que le processus d\u00e9mocratique puisse s\u2019appliquer pleinement.<\/p>\n<p><a href=\"https:\/\/sites.ffkarate.fr\/isere\/wp-content\/uploads\/sites\/28\/2016\/11\/Ordre-du-jour-AG-CDI-Karate-et-DA-20-Nov-2016.pdf\">ordre-du-jour-ag-cdi-karate-et-da-20-nov-2016<\/a><\/p>\n<p><a href=\"https:\/\/sites.ffkarate.fr\/isere\/wp-content\/uploads\/sites\/28\/2016\/11\/Ordre-du-jour-AG-Extra-CDI-Karate-et-DA-20-Nov-2016.pdf\">ordre-du-jour-ag-extra-cdi-karate-et-da-20-nov-2016<\/a><\/p>\n<p><a href=\"https:\/\/sites.ffkarate.fr\/isere\/wp-content\/uploads\/sites\/28\/2016\/11\/Ordre-du-jour-Election-des-representants-des-clubs-CDI-Karate-et-DA-20-Nov-2016.pdf\">ordre-du-jour-election-des-representants-des-clubs-cdi-karate-et-da-20-nov-2016<\/a><\/p>\n<p><span class=\"title\"><a href=\"http:\/\/www.ffkarate.fr\/wp-content\/uploads\/2016\/09\/statuts-types-de-comite-departemental_2016-09-10.docx\" target=\"_blank\" rel=\"noopener\">Statuts-types de Comit\u00e9 d\u00e9partemental<\/a><\/span><\/p>\n<p><a href=\"http:\/\/www.ffkarate.fr\/wp-content\/uploads\/2016\/09\/reglement-interieur-type-de-comite-departemental_2016-09-10.docx\" target=\"_blank\" rel=\"noopener\">R\u00e8glement int\u00e9rieur du Comit\u00e9 d\u00e9partemental<\/a><\/p>\n<p>&nbsp;<\/p>\n<p>Bien cordialement<\/p>\n<p>Thierry LOMBARDI, \u00a0Pr\u00e9sident<\/p>\n<p>pour le Comit\u00e9 D\u00e9partemental de l&rsquo;Is\u00e8re de Karat\u00e9 et Disciplines Associ\u00e9es.[\/vc_column_text][\/vc_column][\/vc_row]<\/p>\n<\/div>","protected":false},"excerpt":{"rendered":"<p>[vc_row][vc_column][vc_column_text]Chers Pr\u00e9sidentes et Pr\u00e9sidents, Vous trouverez en pi\u00e8ces jointes \u00a0les ordres du jour et divers documents relatifs aux\u00a0deux Assembl\u00e9es G\u00e9n\u00e9rales et \u00e0 l&rsquo;\u00e9lection des repr\u00e9sentants des clubs\u00a0de notre comit\u00e9 d\u00e9partemental qui se tiendront le\u00a0Dimanche 20 Novembre 2016. &nbsp; 14H30 &#8211; 15h00 \u00a0 \u00a0Emargement des pr\u00e9sidentes et pr\u00e9sidents ou de leurs repr\u00e9sentant(e)s. 15h00 &#8211; 15h50\u00a0\u00a0\u00a0\u00a0Assembl\u00e9e G\u00e9n\u00e9rale [&hellip;]<\/p>\n","protected":false},"author":97,"featured_media":0,"comment_status":"closed","ping_status":"closed","sticky":false,"template":"","format":"standard","meta":{"footnotes":""},"categories":[1],"tags":[],"class_list":["post-650","post","type-post","status-publish","format-standard","hentry","category-non-classe"],"_links":{"self":[{"href":"https:\/\/sites.ffkarate.fr\/isere\/wp-json\/wp\/v2\/posts\/650","targetHints":{"allow":["GET"]}}],"collection":[{"href":"https:\/\/sites.ffkarate.fr\/isere\/wp-json\/wp\/v2\/posts"}],"about":[{"href":"https:\/\/sites.ffkarate.fr\/isere\/wp-json\/wp\/v2\/types\/post"}],"author":[{"embeddable":true,"href":"https:\/\/sites.ffkarate.fr\/isere\/wp-json\/wp\/v2\/users\/97"}],"replies":[{"embeddable":true,"href":"https:\/\/sites.ffkarate.fr\/isere\/wp-json\/wp\/v2\/comments?post=650"}],"version-history":[{"count":0,"href":"https:\/\/sites.ffkarate.fr\/isere\/wp-json\/wp\/v2\/posts\/650\/revisions"}],"wp:attachment":[{"href":"https:\/\/sites.ffkarate.fr\/isere\/wp-json\/wp\/v2\/media?parent=650"}],"wp:term":[{"taxonomy":"category","embeddable":true,"href":"https:\/\/sites.ffkarate.fr\/isere\/wp-json\/wp\/v2\/categories?post=650"},{"taxonomy":"post_tag","embeddable":true,"href":"https:\/\/sites.ffkarate.fr\/isere\/wp-json\/wp\/v2\/tags?post=650"}],"curies":[{"name":"wp","href":"https:\/\/api.w.org\/{rel}","templated":true}]}}