{"id":1009,"date":"2020-10-18T16:16:06","date_gmt":"2020-10-18T14:16:06","guid":{"rendered":"https:\/\/sites.ffkarate.fr\/landes\/?post_type=news&amp;p=1009"},"modified":"2020-10-18T16:16:06","modified_gmt":"2020-10-18T14:16:06","slug":"stage-technique-du-16102020-en-photos","status":"publish","type":"post","link":"https:\/\/sites.ffkarate.fr\/landes\/2020\/10\/18\/stage-technique-du-16102020-en-photos\/","title":{"rendered":"Stage technique du 16\/10\/2020 en photos"},"content":{"rendered":"<div class=\"wpb-content-wrapper\"><p>[vc_row][vc_column][vc_column_text]Ce samedi 17 octobre, dans le dojo de Morcenx, a eu lieu\u00a0le 2e stage technique propos\u00e9 par le d\u00e9partement. Pr\u00e8s d&rsquo;une trentaine de karat\u00e9ka ont profit\u00e9 pleinement de ce travail technique.\u00a0Merci \u00e0 tous les participants, organisateurs et \u00e0 l&rsquo;encadrant technique.<\/p>\n<p>\n\t\t<style type=\"text\/css\">\n\t\t\t#gallery-1 {\n\t\t\t\tmargin: auto;\n\t\t\t}\n\t\t\t#gallery-1 .gallery-item {\n\t\t\t\tfloat: left;\n\t\t\t\tmargin-top: 10px;\n\t\t\t\ttext-align: center;\n\t\t\t\twidth: 33%;\n\t\t\t}\n\t\t\t#gallery-1 img {\n\t\t\t\tborder: 2px solid #cfcfcf;\n\t\t\t}\n\t\t\t#gallery-1 .gallery-caption {\n\t\t\t\tmargin-left: 0;\n\t\t\t}\n\t\t\t\/* see gallery_shortcode() in wp-includes\/media.php *\/\n\t\t<\/style>\n\t\t<div id='gallery-1' class='gallery galleryid-1009 gallery-columns-3 gallery-size-thumbnail'><dl class='gallery-item'>\n\t\t\t<dt class='gallery-icon landscape'>\n\t\t\t\t<a href='https:\/\/sites.ffkarate.fr\/landes\/img-20201017-wa0000\/'><img decoding=\"async\" width=\"176\" height=\"176\" src=\"https:\/\/sites.ffkarate.fr\/landes\/wp-content\/uploads\/sites\/65\/2020\/10\/IMG-20201017-WA0000-176x176.jpg\" class=\"attachment-thumbnail size-thumbnail\" alt=\"\" \/><\/a>\n\t\t\t<\/dt><\/dl><dl class='gallery-item'>\n\t\t\t<dt class='gallery-icon landscape'>\n\t\t\t\t<a href='https:\/\/sites.ffkarate.fr\/landes\/img-20201018-wa0000\/'><img decoding=\"async\" width=\"176\" height=\"176\" src=\"https:\/\/sites.ffkarate.fr\/landes\/wp-content\/uploads\/sites\/65\/2020\/10\/IMG-20201018-WA0000-176x176.jpg\" class=\"attachment-thumbnail size-thumbnail\" alt=\"\" \/><\/a>\n\t\t\t<\/dt><\/dl><dl class='gallery-item'>\n\t\t\t<dt class='gallery-icon landscape'>\n\t\t\t\t<a href='https:\/\/sites.ffkarate.fr\/landes\/img-20201018-wa0001\/'><img decoding=\"async\" width=\"176\" height=\"176\" src=\"https:\/\/sites.ffkarate.fr\/landes\/wp-content\/uploads\/sites\/65\/2020\/10\/IMG-20201018-WA0001-176x176.jpg\" class=\"attachment-thumbnail size-thumbnail\" alt=\"\" \/><\/a>\n\t\t\t<\/dt><\/dl><br style=\"clear: both\" \/>\n\t\t<\/div>\n[\/vc_column_text][\/vc_column][\/vc_row]<\/p>\n<\/div>","protected":false},"excerpt":{"rendered":"<p>[vc_row][vc_column][vc_column_text]Ce samedi 17 octobre, dans le dojo de Morcenx, a eu lieu\u00a0le 2e stage technique propos\u00e9 par le d\u00e9partement. Pr\u00e8s d&rsquo;une trentaine de karat\u00e9ka ont profit\u00e9 pleinement de ce travail technique.\u00a0Merci \u00e0 tous les participants, organisateurs et \u00e0 l&rsquo;encadrant technique. [\/vc_column_text][\/vc_column][\/vc_row]<\/p>\n","protected":false},"author":101,"featured_media":1008,"comment_status":"closed","ping_status":"closed","sticky":false,"template":"","format":"standard","meta":{"footnotes":""},"categories":[1],"tags":[],"class_list":["post-1009","post","type-post","status-publish","format-standard","hentry","category-non-classe"],"_links":{"self":[{"href":"https:\/\/sites.ffkarate.fr\/landes\/wp-json\/wp\/v2\/posts\/1009","targetHints":{"allow":["GET"]}}],"collection":[{"href":"https:\/\/sites.ffkarate.fr\/landes\/wp-json\/wp\/v2\/posts"}],"about":[{"href":"https:\/\/sites.ffkarate.fr\/landes\/wp-json\/wp\/v2\/types\/post"}],"author":[{"embeddable":true,"href":"https:\/\/sites.ffkarate.fr\/landes\/wp-json\/wp\/v2\/users\/101"}],"replies":[{"embeddable":true,"href":"https:\/\/sites.ffkarate.fr\/landes\/wp-json\/wp\/v2\/comments?post=1009"}],"version-history":[{"count":0,"href":"https:\/\/sites.ffkarate.fr\/landes\/wp-json\/wp\/v2\/posts\/1009\/revisions"}],"wp:featuredmedia":[{"embeddable":true,"href":"https:\/\/sites.ffkarate.fr\/landes\/wp-json\/wp\/v2\/media\/1008"}],"wp:attachment":[{"href":"https:\/\/sites.ffkarate.fr\/landes\/wp-json\/wp\/v2\/media?parent=1009"}],"wp:term":[{"taxonomy":"category","embeddable":true,"href":"https:\/\/sites.ffkarate.fr\/landes\/wp-json\/wp\/v2\/categories?post=1009"},{"taxonomy":"post_tag","embeddable":true,"href":"https:\/\/sites.ffkarate.fr\/landes\/wp-json\/wp\/v2\/tags?post=1009"}],"curies":[{"name":"wp","href":"https:\/\/api.w.org\/{rel}","templated":true}]}}