{"id":1020,"date":"2020-10-31T13:40:12","date_gmt":"2020-10-31T12:40:12","guid":{"rendered":"https:\/\/sites.ffkarate.fr\/landes\/?post_type=news&amp;p=1020"},"modified":"2020-10-31T13:40:12","modified_gmt":"2020-10-31T12:40:12","slug":"coupe-zid-aquitaine","status":"publish","type":"post","link":"https:\/\/sites.ffkarate.fr\/landes\/2020\/10\/31\/coupe-zid-aquitaine\/","title":{"rendered":"Coupe ZID Aquitaine"},"content":{"rendered":"<div class=\"wpb-content-wrapper\"><p>[vc_row][vc_column][vc_column_text]Le 25 octobre dernier a eu lieu la coupe ZID (Zone Inter D\u00e9partementale) Aquitaine au Bouscat (33).\u00a03 comp\u00e9titeurs Morcenais \u00e9taient pr\u00e9sents \u00e0 cette comp\u00e9tition et ont obtenu de bons r\u00e9sultats sous le coaching de\u00a0K\u00e9vin TAVARES LOPES. Bravo \u00e0<\/p>\n<p>RIPOCHE Lylou 2\u00e8me (cadette -54kg)<\/p>\n<p>DUCATEL Elissama 2\u00e8me (minime -35kg)<\/p>\n<p>ALLORY Antonin\u00a0 3\u00e8me (minime -35kg)<\/p>\n<p><a href=\"https:\/\/sites.ffkarate.fr\/landes\/wp-content\/uploads\/sites\/65\/2020\/10\/Club-Morcenx-coupe-ZID-Aquitaine-2020-21.jpeg\"><img decoding=\"async\" class=\"aligncenter size-large wp-image-1019\" src=\"https:\/\/sites.ffkarate.fr\/landes\/wp-content\/uploads\/sites\/65\/2020\/10\/Club-Morcenx-coupe-ZID-Aquitaine-2020-21-768x1024.jpeg\" alt=\"Club Morcenx coupe ZID Aquitaine 2020-21\" width=\"640\" height=\"853\" \/><\/a>[\/vc_column_text][\/vc_column][\/vc_row]<\/p>\n<\/div>","protected":false},"excerpt":{"rendered":"<p>[vc_row][vc_column][vc_column_text]Le 25 octobre dernier a eu lieu la coupe ZID (Zone Inter D\u00e9partementale) Aquitaine au Bouscat (33).\u00a03 comp\u00e9titeurs Morcenais \u00e9taient pr\u00e9sents \u00e0 cette comp\u00e9tition et ont obtenu de bons r\u00e9sultats sous le coaching de\u00a0K\u00e9vin TAVARES LOPES. Bravo \u00e0 RIPOCHE Lylou 2\u00e8me (cadette -54kg) DUCATEL Elissama 2\u00e8me (minime -35kg) ALLORY Antonin\u00a0 3\u00e8me (minime -35kg) [\/vc_column_text][\/vc_column][\/vc_row]<\/p>\n","protected":false},"author":101,"featured_media":1019,"comment_status":"closed","ping_status":"closed","sticky":false,"template":"","format":"standard","meta":{"footnotes":""},"categories":[1],"tags":[],"class_list":["post-1020","post","type-post","status-publish","format-standard","hentry","category-non-classe"],"_links":{"self":[{"href":"https:\/\/sites.ffkarate.fr\/landes\/wp-json\/wp\/v2\/posts\/1020","targetHints":{"allow":["GET"]}}],"collection":[{"href":"https:\/\/sites.ffkarate.fr\/landes\/wp-json\/wp\/v2\/posts"}],"about":[{"href":"https:\/\/sites.ffkarate.fr\/landes\/wp-json\/wp\/v2\/types\/post"}],"author":[{"embeddable":true,"href":"https:\/\/sites.ffkarate.fr\/landes\/wp-json\/wp\/v2\/users\/101"}],"replies":[{"embeddable":true,"href":"https:\/\/sites.ffkarate.fr\/landes\/wp-json\/wp\/v2\/comments?post=1020"}],"version-history":[{"count":0,"href":"https:\/\/sites.ffkarate.fr\/landes\/wp-json\/wp\/v2\/posts\/1020\/revisions"}],"wp:featuredmedia":[{"embeddable":true,"href":"https:\/\/sites.ffkarate.fr\/landes\/wp-json\/wp\/v2\/media\/1019"}],"wp:attachment":[{"href":"https:\/\/sites.ffkarate.fr\/landes\/wp-json\/wp\/v2\/media?parent=1020"}],"wp:term":[{"taxonomy":"category","embeddable":true,"href":"https:\/\/sites.ffkarate.fr\/landes\/wp-json\/wp\/v2\/categories?post=1020"},{"taxonomy":"post_tag","embeddable":true,"href":"https:\/\/sites.ffkarate.fr\/landes\/wp-json\/wp\/v2\/tags?post=1020"}],"curies":[{"name":"wp","href":"https:\/\/api.w.org\/{rel}","templated":true}]}}