{"id":1052,"date":"2021-01-02T22:20:44","date_gmt":"2021-01-02T21:20:44","guid":{"rendered":"https:\/\/sites.ffkarate.fr\/landes\/?post_type=news&amp;p=1052"},"modified":"2021-01-02T22:20:44","modified_gmt":"2021-01-02T21:20:44","slug":"bonne-annee-2021","status":"publish","type":"post","link":"https:\/\/sites.ffkarate.fr\/landes\/2021\/01\/02\/bonne-annee-2021\/","title":{"rendered":"Bonne ann\u00e9e 2021"},"content":{"rendered":"<div class=\"wpb-content-wrapper\"><p>[vc_row][vc_column][vc_column_text]Le pr\u00e9sident et les membres du comit\u00e9\u00a0d\u00e9partemental souhaitent \u00e0 tous les karat\u00e9kas et dirigeants de tous nos clubs ainsi qu&rsquo;\u00e0 leurs proches, une\u00a0bonne sant\u00e9 et du bonheur pour la nouvelle ann\u00e9e. Que 2021 soit \u00e9tonnante ! Bonne ann\u00e9e ![\/vc_column_text][\/vc_column][\/vc_row]<\/p>\n<\/div>","protected":false},"excerpt":{"rendered":"<p>[vc_row][vc_column][vc_column_text]Le pr\u00e9sident et les membres du comit\u00e9\u00a0d\u00e9partemental souhaitent \u00e0 tous les karat\u00e9kas et dirigeants de tous nos clubs ainsi qu&rsquo;\u00e0 leurs proches, une\u00a0bonne sant\u00e9 et du bonheur pour la nouvelle ann\u00e9e. Que 2021 soit \u00e9tonnante ! Bonne ann\u00e9e ![\/vc_column_text][\/vc_column][\/vc_row]<\/p>\n","protected":false},"author":101,"featured_media":1051,"comment_status":"closed","ping_status":"closed","sticky":false,"template":"","format":"standard","meta":{"footnotes":""},"categories":[1],"tags":[],"class_list":["post-1052","post","type-post","status-publish","format-standard","hentry","category-non-classe"],"_links":{"self":[{"href":"https:\/\/sites.ffkarate.fr\/landes\/wp-json\/wp\/v2\/posts\/1052","targetHints":{"allow":["GET"]}}],"collection":[{"href":"https:\/\/sites.ffkarate.fr\/landes\/wp-json\/wp\/v2\/posts"}],"about":[{"href":"https:\/\/sites.ffkarate.fr\/landes\/wp-json\/wp\/v2\/types\/post"}],"author":[{"embeddable":true,"href":"https:\/\/sites.ffkarate.fr\/landes\/wp-json\/wp\/v2\/users\/101"}],"replies":[{"embeddable":true,"href":"https:\/\/sites.ffkarate.fr\/landes\/wp-json\/wp\/v2\/comments?post=1052"}],"version-history":[{"count":0,"href":"https:\/\/sites.ffkarate.fr\/landes\/wp-json\/wp\/v2\/posts\/1052\/revisions"}],"wp:featuredmedia":[{"embeddable":true,"href":"https:\/\/sites.ffkarate.fr\/landes\/wp-json\/wp\/v2\/media\/1051"}],"wp:attachment":[{"href":"https:\/\/sites.ffkarate.fr\/landes\/wp-json\/wp\/v2\/media?parent=1052"}],"wp:term":[{"taxonomy":"category","embeddable":true,"href":"https:\/\/sites.ffkarate.fr\/landes\/wp-json\/wp\/v2\/categories?post=1052"},{"taxonomy":"post_tag","embeddable":true,"href":"https:\/\/sites.ffkarate.fr\/landes\/wp-json\/wp\/v2\/tags?post=1052"}],"curies":[{"name":"wp","href":"https:\/\/api.w.org\/{rel}","templated":true}]}}