{"id":1078,"date":"2021-03-08T13:05:49","date_gmt":"2021-03-08T12:05:49","guid":{"rendered":"https:\/\/sites.ffkarate.fr\/landes\/?post_type=news&amp;p=1078"},"modified":"2021-03-08T13:05:49","modified_gmt":"2021-03-08T12:05:49","slug":"journee-de-la-femme-4","status":"publish","type":"post","link":"https:\/\/sites.ffkarate.fr\/landes\/2021\/03\/08\/journee-de-la-femme-4\/","title":{"rendered":"Journ\u00e9e de la femme"},"content":{"rendered":"<div class=\"wpb-content-wrapper\"><p>[vc_row][vc_column][vc_column_text]<span style=\"color: #000000\"><strong>A\u00a0l&rsquo;occasion de la journ\u00e9e de la femme, le comit\u00e9 d\u00e9partemental des landes mets en lumi\u00e8re 3 femmes engag\u00e9es pour notre discipline.<\/strong><\/span><\/p>\n<p><span style=\"color: #000000\"><strong>&gt;&gt;&gt;&gt;&gt;&gt;&gt; Son portrait en lisant la suite : <span style=\"color: #ff00ff\"><a style=\"color: #ff00ff\" href=\"https:\/\/sites.ffkarate.fr\/landes\/wp-content\/uploads\/sites\/65\/2021\/03\/MYRIAM-ALMONT-2020-2021.pdf\" target=\"_blank\" rel=\"noopener\">MYRIAM ALMONT<\/a><\/span><\/strong><\/span><\/p>\n<div><\/div>\n<p>[\/vc_column_text][\/vc_column][\/vc_row]<\/p>\n<\/div>","protected":false},"excerpt":{"rendered":"<p>[vc_row][vc_column][vc_column_text]A\u00a0l&rsquo;occasion de la journ\u00e9e de la femme, le comit\u00e9 d\u00e9partemental des landes mets en lumi\u00e8re 3 femmes engag\u00e9es pour notre discipline. &gt;&gt;&gt;&gt;&gt;&gt;&gt; Son portrait en lisant la suite : MYRIAM ALMONT [\/vc_column_text][\/vc_column][\/vc_row]<\/p>\n","protected":false},"author":101,"featured_media":1034,"comment_status":"closed","ping_status":"closed","sticky":false,"template":"","format":"standard","meta":{"footnotes":""},"categories":[1],"tags":[],"class_list":["post-1078","post","type-post","status-publish","format-standard","hentry","category-non-classe"],"_links":{"self":[{"href":"https:\/\/sites.ffkarate.fr\/landes\/wp-json\/wp\/v2\/posts\/1078","targetHints":{"allow":["GET"]}}],"collection":[{"href":"https:\/\/sites.ffkarate.fr\/landes\/wp-json\/wp\/v2\/posts"}],"about":[{"href":"https:\/\/sites.ffkarate.fr\/landes\/wp-json\/wp\/v2\/types\/post"}],"author":[{"embeddable":true,"href":"https:\/\/sites.ffkarate.fr\/landes\/wp-json\/wp\/v2\/users\/101"}],"replies":[{"embeddable":true,"href":"https:\/\/sites.ffkarate.fr\/landes\/wp-json\/wp\/v2\/comments?post=1078"}],"version-history":[{"count":0,"href":"https:\/\/sites.ffkarate.fr\/landes\/wp-json\/wp\/v2\/posts\/1078\/revisions"}],"wp:featuredmedia":[{"embeddable":true,"href":"https:\/\/sites.ffkarate.fr\/landes\/wp-json\/wp\/v2\/media\/1034"}],"wp:attachment":[{"href":"https:\/\/sites.ffkarate.fr\/landes\/wp-json\/wp\/v2\/media?parent=1078"}],"wp:term":[{"taxonomy":"category","embeddable":true,"href":"https:\/\/sites.ffkarate.fr\/landes\/wp-json\/wp\/v2\/categories?post=1078"},{"taxonomy":"post_tag","embeddable":true,"href":"https:\/\/sites.ffkarate.fr\/landes\/wp-json\/wp\/v2\/tags?post=1078"}],"curies":[{"name":"wp","href":"https:\/\/api.w.org\/{rel}","templated":true}]}}