{"id":666,"date":"2019-11-04T10:51:49","date_gmt":"2019-11-04T09:51:49","guid":{"rendered":"https:\/\/sites.ffkarate.fr\/landes\/?post_type=news&amp;p=666"},"modified":"2019-11-04T10:51:49","modified_gmt":"2019-11-04T09:51:49","slug":"stage-darbitrage-du-03112019","status":"publish","type":"post","link":"https:\/\/sites.ffkarate.fr\/landes\/2019\/11\/04\/stage-darbitrage-du-03112019\/","title":{"rendered":"STAGE D&rsquo;ARBITRAGE DU 03\/11\/2019"},"content":{"rendered":"<div class=\"wpb-content-wrapper\"><p>[vc_row][vc_column][vc_column_text]Stage d&rsquo;arbitrage \u00e0 Mont de Marsan ce samedi 3 novembre r\u00e9alis\u00e9 par Hakima ARAFE<br \/>\nBravo \u00e0 tous les participants, animateurs, cadres techniques et \u00e9lus qui ont accueilli, encadr\u00e9 et anim\u00e9 cette journ\u00e9e.<\/p>\n<p>\n\t\t<style type=\"text\/css\">\n\t\t\t#gallery-1 {\n\t\t\t\tmargin: auto;\n\t\t\t}\n\t\t\t#gallery-1 .gallery-item {\n\t\t\t\tfloat: left;\n\t\t\t\tmargin-top: 10px;\n\t\t\t\ttext-align: center;\n\t\t\t\twidth: 33%;\n\t\t\t}\n\t\t\t#gallery-1 img {\n\t\t\t\tborder: 2px solid #cfcfcf;\n\t\t\t}\n\t\t\t#gallery-1 .gallery-caption {\n\t\t\t\tmargin-left: 0;\n\t\t\t}\n\t\t\t\/* see gallery_shortcode() in wp-includes\/media.php *\/\n\t\t<\/style>\n\t\t<div id='gallery-1' class='gallery galleryid-666 gallery-columns-3 gallery-size-thumbnail'><dl class='gallery-item'>\n\t\t\t<dt class='gallery-icon landscape'>\n\t\t\t\t<a href='https:\/\/sites.ffkarate.fr\/landes\/20191103_095653\/'><img decoding=\"async\" width=\"176\" height=\"176\" src=\"https:\/\/sites.ffkarate.fr\/landes\/wp-content\/uploads\/sites\/65\/2019\/11\/20191103_095653-176x176.jpg\" class=\"attachment-thumbnail size-thumbnail\" alt=\"\" \/><\/a>\n\t\t\t<\/dt><\/dl><dl class='gallery-item'>\n\t\t\t<dt class='gallery-icon landscape'>\n\t\t\t\t<a href='https:\/\/sites.ffkarate.fr\/landes\/img-20191103-wa0005\/'><img decoding=\"async\" width=\"176\" height=\"176\" src=\"https:\/\/sites.ffkarate.fr\/landes\/wp-content\/uploads\/sites\/65\/2019\/11\/IMG-20191103-WA0005-176x176.jpg\" class=\"attachment-thumbnail size-thumbnail\" alt=\"\" \/><\/a>\n\t\t\t<\/dt><\/dl><dl class='gallery-item'>\n\t\t\t<dt class='gallery-icon landscape'>\n\t\t\t\t<a href='https:\/\/sites.ffkarate.fr\/landes\/img-20191103-wa0004\/'><img decoding=\"async\" width=\"176\" height=\"176\" src=\"https:\/\/sites.ffkarate.fr\/landes\/wp-content\/uploads\/sites\/65\/2019\/11\/IMG-20191103-WA0004-176x176.jpg\" class=\"attachment-thumbnail size-thumbnail\" alt=\"\" \/><\/a>\n\t\t\t<\/dt><\/dl><br style=\"clear: both\" \/><dl class='gallery-item'>\n\t\t\t<dt class='gallery-icon landscape'>\n\t\t\t\t<a href='https:\/\/sites.ffkarate.fr\/landes\/img-20191103-wa0002\/'><img decoding=\"async\" width=\"176\" height=\"176\" src=\"https:\/\/sites.ffkarate.fr\/landes\/wp-content\/uploads\/sites\/65\/2019\/11\/IMG-20191103-WA0002-176x176.jpg\" class=\"attachment-thumbnail size-thumbnail\" alt=\"\" \/><\/a>\n\t\t\t<\/dt><\/dl><dl class='gallery-item'>\n\t\t\t<dt class='gallery-icon landscape'>\n\t\t\t\t<a href='https:\/\/sites.ffkarate.fr\/landes\/img-20191103-wa0003\/'><img decoding=\"async\" width=\"176\" height=\"176\" src=\"https:\/\/sites.ffkarate.fr\/landes\/wp-content\/uploads\/sites\/65\/2019\/11\/IMG-20191103-WA0003-176x176.jpg\" class=\"attachment-thumbnail size-thumbnail\" alt=\"\" \/><\/a>\n\t\t\t<\/dt><\/dl><dl class='gallery-item'>\n\t\t\t<dt class='gallery-icon landscape'>\n\t\t\t\t<a href='https:\/\/sites.ffkarate.fr\/landes\/img-20191103-wa0000\/'><img decoding=\"async\" width=\"176\" height=\"176\" src=\"https:\/\/sites.ffkarate.fr\/landes\/wp-content\/uploads\/sites\/65\/2019\/11\/IMG-20191103-WA0000-176x176.jpg\" class=\"attachment-thumbnail size-thumbnail\" alt=\"\" \/><\/a>\n\t\t\t<\/dt><\/dl><br style=\"clear: both\" \/><dl class='gallery-item'>\n\t\t\t<dt class='gallery-icon landscape'>\n\t\t\t\t<a href='https:\/\/sites.ffkarate.fr\/landes\/img-20191103-wa0001\/'><img decoding=\"async\" width=\"176\" height=\"176\" src=\"https:\/\/sites.ffkarate.fr\/landes\/wp-content\/uploads\/sites\/65\/2019\/11\/IMG-20191103-WA0001-176x176.jpg\" class=\"attachment-thumbnail size-thumbnail\" alt=\"\" \/><\/a>\n\t\t\t<\/dt><\/dl>\n\t\t\t<br style='clear: both' \/>\n\t\t<\/div>\n[\/vc_column_text][\/vc_column][\/vc_row]<\/p>\n<\/div>","protected":false},"excerpt":{"rendered":"<p>[vc_row][vc_column][vc_column_text]Stage d&rsquo;arbitrage \u00e0 Mont de Marsan ce samedi 3 novembre r\u00e9alis\u00e9 par Hakima ARAFE Bravo \u00e0 tous les participants, animateurs, cadres techniques et \u00e9lus qui ont accueilli, encadr\u00e9 et anim\u00e9 cette journ\u00e9e. [\/vc_column_text][\/vc_column][\/vc_row]<\/p>\n","protected":false},"author":101,"featured_media":674,"comment_status":"closed","ping_status":"closed","sticky":false,"template":"","format":"standard","meta":{"footnotes":""},"categories":[1],"tags":[],"class_list":["post-666","post","type-post","status-publish","format-standard","hentry","category-non-classe"],"_links":{"self":[{"href":"https:\/\/sites.ffkarate.fr\/landes\/wp-json\/wp\/v2\/posts\/666","targetHints":{"allow":["GET"]}}],"collection":[{"href":"https:\/\/sites.ffkarate.fr\/landes\/wp-json\/wp\/v2\/posts"}],"about":[{"href":"https:\/\/sites.ffkarate.fr\/landes\/wp-json\/wp\/v2\/types\/post"}],"author":[{"embeddable":true,"href":"https:\/\/sites.ffkarate.fr\/landes\/wp-json\/wp\/v2\/users\/101"}],"replies":[{"embeddable":true,"href":"https:\/\/sites.ffkarate.fr\/landes\/wp-json\/wp\/v2\/comments?post=666"}],"version-history":[{"count":0,"href":"https:\/\/sites.ffkarate.fr\/landes\/wp-json\/wp\/v2\/posts\/666\/revisions"}],"wp:featuredmedia":[{"embeddable":true,"href":"https:\/\/sites.ffkarate.fr\/landes\/wp-json\/wp\/v2\/media\/674"}],"wp:attachment":[{"href":"https:\/\/sites.ffkarate.fr\/landes\/wp-json\/wp\/v2\/media?parent=666"}],"wp:term":[{"taxonomy":"category","embeddable":true,"href":"https:\/\/sites.ffkarate.fr\/landes\/wp-json\/wp\/v2\/categories?post=666"},{"taxonomy":"post_tag","embeddable":true,"href":"https:\/\/sites.ffkarate.fr\/landes\/wp-json\/wp\/v2\/tags?post=666"}],"curies":[{"name":"wp","href":"https:\/\/api.w.org\/{rel}","templated":true}]}}