{"id":879,"date":"2019-12-15T20:13:58","date_gmt":"2019-12-15T19:13:58","guid":{"rendered":"https:\/\/sites.ffkarate.fr\/landes\/?post_type=news&amp;p=879"},"modified":"2019-12-15T20:13:58","modified_gmt":"2019-12-15T19:13:58","slug":"championnat-des-landes-kumite-du-08122019-en-photos","status":"publish","type":"post","link":"https:\/\/sites.ffkarate.fr\/landes\/2019\/12\/15\/championnat-des-landes-kumite-du-08122019-en-photos\/","title":{"rendered":"Championnat des Landes KUMIT\u00c9 du 08\/12\/2019 en photos"},"content":{"rendered":"<div class=\"wpb-content-wrapper\"><p>[vc_row][vc_column][vc_column_text]Merci \u00e0 tous les arbitres et \u00e0 toute l&rsquo;\u00e9quipe sportive pr\u00e9sente, et bien s\u00fbr, \u00e0 tous les comp\u00e9titeurs pr\u00e9sents\n\t\t<style type=\"text\/css\">\n\t\t\t#gallery-1 {\n\t\t\t\tmargin: auto;\n\t\t\t}\n\t\t\t#gallery-1 .gallery-item {\n\t\t\t\tfloat: left;\n\t\t\t\tmargin-top: 10px;\n\t\t\t\ttext-align: center;\n\t\t\t\twidth: 33%;\n\t\t\t}\n\t\t\t#gallery-1 img {\n\t\t\t\tborder: 2px solid #cfcfcf;\n\t\t\t}\n\t\t\t#gallery-1 .gallery-caption {\n\t\t\t\tmargin-left: 0;\n\t\t\t}\n\t\t\t\/* see gallery_shortcode() in wp-includes\/media.php *\/\n\t\t<\/style>\n\t\t<div id='gallery-1' class='gallery galleryid-879 gallery-columns-3 gallery-size-thumbnail'><dl class='gallery-item'>\n\t\t\t<dt class='gallery-icon landscape'>\n\t\t\t\t<a href='https:\/\/sites.ffkarate.fr\/landes\/dsc_0664\/'><img decoding=\"async\" width=\"176\" height=\"176\" src=\"https:\/\/sites.ffkarate.fr\/landes\/wp-content\/uploads\/sites\/65\/2019\/12\/DSC_0664-176x176.jpg\" class=\"attachment-thumbnail size-thumbnail\" alt=\"\" \/><\/a>\n\t\t\t<\/dt><\/dl><dl class='gallery-item'>\n\t\t\t<dt class='gallery-icon landscape'>\n\t\t\t\t<a href='https:\/\/sites.ffkarate.fr\/landes\/dsc_0763\/'><img decoding=\"async\" width=\"176\" height=\"176\" src=\"https:\/\/sites.ffkarate.fr\/landes\/wp-content\/uploads\/sites\/65\/2019\/12\/DSC_0763-176x176.jpg\" class=\"attachment-thumbnail size-thumbnail\" alt=\"\" \/><\/a>\n\t\t\t<\/dt><\/dl><dl class='gallery-item'>\n\t\t\t<dt class='gallery-icon landscape'>\n\t\t\t\t<a href='https:\/\/sites.ffkarate.fr\/landes\/dsc_0458\/'><img decoding=\"async\" width=\"176\" height=\"176\" src=\"https:\/\/sites.ffkarate.fr\/landes\/wp-content\/uploads\/sites\/65\/2019\/12\/DSC_0458-176x176.jpg\" class=\"attachment-thumbnail size-thumbnail\" alt=\"\" \/><\/a>\n\t\t\t<\/dt><\/dl><br style=\"clear: both\" \/><dl class='gallery-item'>\n\t\t\t<dt class='gallery-icon landscape'>\n\t\t\t\t<a href='https:\/\/sites.ffkarate.fr\/landes\/dsc_0566\/'><img decoding=\"async\" width=\"176\" height=\"176\" src=\"https:\/\/sites.ffkarate.fr\/landes\/wp-content\/uploads\/sites\/65\/2019\/12\/DSC_0566-176x176.jpg\" class=\"attachment-thumbnail size-thumbnail\" alt=\"\" \/><\/a>\n\t\t\t<\/dt><\/dl><dl class='gallery-item'>\n\t\t\t<dt class='gallery-icon landscape'>\n\t\t\t\t<a href='https:\/\/sites.ffkarate.fr\/landes\/dsc_0539\/'><img decoding=\"async\" width=\"176\" height=\"176\" src=\"https:\/\/sites.ffkarate.fr\/landes\/wp-content\/uploads\/sites\/65\/2019\/12\/DSC_0539-176x176.jpg\" class=\"attachment-thumbnail size-thumbnail\" alt=\"\" \/><\/a>\n\t\t\t<\/dt><\/dl><dl class='gallery-item'>\n\t\t\t<dt class='gallery-icon landscape'>\n\t\t\t\t<a href='https:\/\/sites.ffkarate.fr\/landes\/dsc_0455\/'><img decoding=\"async\" width=\"176\" height=\"176\" src=\"https:\/\/sites.ffkarate.fr\/landes\/wp-content\/uploads\/sites\/65\/2019\/12\/DSC_0455-176x176.jpg\" class=\"attachment-thumbnail size-thumbnail\" alt=\"\" \/><\/a>\n\t\t\t<\/dt><\/dl><br style=\"clear: both\" \/><dl class='gallery-item'>\n\t\t\t<dt class='gallery-icon landscape'>\n\t\t\t\t<a href='https:\/\/sites.ffkarate.fr\/landes\/dsc_0465\/'><img decoding=\"async\" width=\"176\" height=\"176\" src=\"https:\/\/sites.ffkarate.fr\/landes\/wp-content\/uploads\/sites\/65\/2019\/12\/DSC_0465-176x176.jpg\" class=\"attachment-thumbnail size-thumbnail\" alt=\"\" \/><\/a>\n\t\t\t<\/dt><\/dl><dl class='gallery-item'>\n\t\t\t<dt class='gallery-icon landscape'>\n\t\t\t\t<a href='https:\/\/sites.ffkarate.fr\/landes\/dsc_0461\/'><img decoding=\"async\" width=\"176\" height=\"176\" src=\"https:\/\/sites.ffkarate.fr\/landes\/wp-content\/uploads\/sites\/65\/2019\/12\/DSC_0461-176x176.jpg\" class=\"attachment-thumbnail size-thumbnail\" alt=\"\" \/><\/a>\n\t\t\t<\/dt><\/dl><dl class='gallery-item'>\n\t\t\t<dt class='gallery-icon landscape'>\n\t\t\t\t<a href='https:\/\/sites.ffkarate.fr\/landes\/dsc_0740\/'><img decoding=\"async\" width=\"176\" height=\"176\" src=\"https:\/\/sites.ffkarate.fr\/landes\/wp-content\/uploads\/sites\/65\/2019\/12\/DSC_0740-176x176.jpg\" class=\"attachment-thumbnail size-thumbnail\" alt=\"\" \/><\/a>\n\t\t\t<\/dt><\/dl><br style=\"clear: both\" \/><dl class='gallery-item'>\n\t\t\t<dt class='gallery-icon landscape'>\n\t\t\t\t<a href='https:\/\/sites.ffkarate.fr\/landes\/dsc_0703\/'><img decoding=\"async\" width=\"176\" height=\"176\" src=\"https:\/\/sites.ffkarate.fr\/landes\/wp-content\/uploads\/sites\/65\/2019\/12\/DSC_0703-176x176.jpg\" class=\"attachment-thumbnail size-thumbnail\" alt=\"\" \/><\/a>\n\t\t\t<\/dt><\/dl><dl class='gallery-item'>\n\t\t\t<dt class='gallery-icon landscape'>\n\t\t\t\t<a href='https:\/\/sites.ffkarate.fr\/landes\/dsc_0728\/'><img decoding=\"async\" width=\"176\" height=\"176\" src=\"https:\/\/sites.ffkarate.fr\/landes\/wp-content\/uploads\/sites\/65\/2019\/12\/DSC_0728-176x176.jpg\" class=\"attachment-thumbnail size-thumbnail\" alt=\"\" \/><\/a>\n\t\t\t<\/dt><\/dl><dl class='gallery-item'>\n\t\t\t<dt class='gallery-icon landscape'>\n\t\t\t\t<a href='https:\/\/sites.ffkarate.fr\/landes\/dsc_0723\/'><img decoding=\"async\" width=\"176\" height=\"176\" src=\"https:\/\/sites.ffkarate.fr\/landes\/wp-content\/uploads\/sites\/65\/2019\/12\/DSC_0723-176x176.jpg\" class=\"attachment-thumbnail size-thumbnail\" alt=\"\" \/><\/a>\n\t\t\t<\/dt><\/dl><br style=\"clear: both\" \/><dl class='gallery-item'>\n\t\t\t<dt class='gallery-icon landscape'>\n\t\t\t\t<a href='https:\/\/sites.ffkarate.fr\/landes\/dsc_0711\/'><img decoding=\"async\" width=\"176\" height=\"176\" src=\"https:\/\/sites.ffkarate.fr\/landes\/wp-content\/uploads\/sites\/65\/2019\/12\/DSC_0711-176x176.jpg\" class=\"attachment-thumbnail size-thumbnail\" alt=\"\" \/><\/a>\n\t\t\t<\/dt><\/dl><dl class='gallery-item'>\n\t\t\t<dt class='gallery-icon landscape'>\n\t\t\t\t<a href='https:\/\/sites.ffkarate.fr\/landes\/dsc_0720\/'><img decoding=\"async\" width=\"176\" height=\"176\" src=\"https:\/\/sites.ffkarate.fr\/landes\/wp-content\/uploads\/sites\/65\/2019\/12\/DSC_0720-176x176.jpg\" class=\"attachment-thumbnail size-thumbnail\" alt=\"\" \/><\/a>\n\t\t\t<\/dt><\/dl><dl class='gallery-item'>\n\t\t\t<dt class='gallery-icon landscape'>\n\t\t\t\t<a href='https:\/\/sites.ffkarate.fr\/landes\/dsc_0712\/'><img decoding=\"async\" width=\"176\" height=\"176\" src=\"https:\/\/sites.ffkarate.fr\/landes\/wp-content\/uploads\/sites\/65\/2019\/12\/DSC_0712-176x176.jpg\" class=\"attachment-thumbnail size-thumbnail\" alt=\"\" \/><\/a>\n\t\t\t<\/dt><\/dl><br style=\"clear: both\" \/><dl class='gallery-item'>\n\t\t\t<dt class='gallery-icon landscape'>\n\t\t\t\t<a href='https:\/\/sites.ffkarate.fr\/landes\/dsc_0714\/'><img decoding=\"async\" width=\"176\" height=\"176\" src=\"https:\/\/sites.ffkarate.fr\/landes\/wp-content\/uploads\/sites\/65\/2019\/12\/DSC_0714-176x176.jpg\" class=\"attachment-thumbnail size-thumbnail\" alt=\"\" \/><\/a>\n\t\t\t<\/dt><\/dl><dl class='gallery-item'>\n\t\t\t<dt class='gallery-icon landscape'>\n\t\t\t\t<a href='https:\/\/sites.ffkarate.fr\/landes\/dsc_0574\/'><img decoding=\"async\" width=\"176\" height=\"176\" src=\"https:\/\/sites.ffkarate.fr\/landes\/wp-content\/uploads\/sites\/65\/2019\/12\/DSC_0574-176x176.jpg\" class=\"attachment-thumbnail size-thumbnail\" alt=\"\" \/><\/a>\n\t\t\t<\/dt><\/dl><dl class='gallery-item'>\n\t\t\t<dt class='gallery-icon landscape'>\n\t\t\t\t<a href='https:\/\/sites.ffkarate.fr\/landes\/dsc_0733\/'><img decoding=\"async\" width=\"176\" height=\"176\" src=\"https:\/\/sites.ffkarate.fr\/landes\/wp-content\/uploads\/sites\/65\/2019\/12\/DSC_0733-176x176.jpg\" class=\"attachment-thumbnail size-thumbnail\" alt=\"\" \/><\/a>\n\t\t\t<\/dt><\/dl><br style=\"clear: both\" \/><dl class='gallery-item'>\n\t\t\t<dt class='gallery-icon landscape'>\n\t\t\t\t<a href='https:\/\/sites.ffkarate.fr\/landes\/dsc_0735\/'><img decoding=\"async\" width=\"176\" height=\"176\" src=\"https:\/\/sites.ffkarate.fr\/landes\/wp-content\/uploads\/sites\/65\/2019\/12\/DSC_0735-176x176.jpg\" class=\"attachment-thumbnail size-thumbnail\" alt=\"\" \/><\/a>\n\t\t\t<\/dt><\/dl><dl class='gallery-item'>\n\t\t\t<dt class='gallery-icon landscape'>\n\t\t\t\t<a href='https:\/\/sites.ffkarate.fr\/landes\/dsc_0642\/'><img decoding=\"async\" width=\"176\" height=\"176\" src=\"https:\/\/sites.ffkarate.fr\/landes\/wp-content\/uploads\/sites\/65\/2019\/12\/DSC_0642-176x176.jpg\" class=\"attachment-thumbnail size-thumbnail\" alt=\"\" \/><\/a>\n\t\t\t<\/dt><\/dl><dl class='gallery-item'>\n\t\t\t<dt class='gallery-icon landscape'>\n\t\t\t\t<a href='https:\/\/sites.ffkarate.fr\/landes\/dsc_0622\/'><img decoding=\"async\" width=\"176\" height=\"176\" src=\"https:\/\/sites.ffkarate.fr\/landes\/wp-content\/uploads\/sites\/65\/2019\/12\/DSC_0622-176x176.jpg\" class=\"attachment-thumbnail size-thumbnail\" alt=\"\" \/><\/a>\n\t\t\t<\/dt><\/dl><br style=\"clear: both\" \/><dl class='gallery-item'>\n\t\t\t<dt class='gallery-icon portrait'>\n\t\t\t\t<a href='https:\/\/sites.ffkarate.fr\/landes\/dsc_0623\/'><img decoding=\"async\" width=\"176\" height=\"176\" src=\"https:\/\/sites.ffkarate.fr\/landes\/wp-content\/uploads\/sites\/65\/2019\/12\/DSC_0623-176x176.jpg\" class=\"attachment-thumbnail size-thumbnail\" alt=\"\" \/><\/a>\n\t\t\t<\/dt><\/dl><dl class='gallery-item'>\n\t\t\t<dt class='gallery-icon landscape'>\n\t\t\t\t<a href='https:\/\/sites.ffkarate.fr\/landes\/dsc_0538\/'><img decoding=\"async\" width=\"176\" height=\"176\" src=\"https:\/\/sites.ffkarate.fr\/landes\/wp-content\/uploads\/sites\/65\/2019\/12\/DSC_0538-176x176.jpg\" class=\"attachment-thumbnail size-thumbnail\" alt=\"\" \/><\/a>\n\t\t\t<\/dt><\/dl><dl class='gallery-item'>\n\t\t\t<dt class='gallery-icon landscape'>\n\t\t\t\t<a href='https:\/\/sites.ffkarate.fr\/landes\/dsc_0491\/'><img decoding=\"async\" width=\"176\" height=\"176\" src=\"https:\/\/sites.ffkarate.fr\/landes\/wp-content\/uploads\/sites\/65\/2019\/12\/DSC_0491-176x176.jpg\" class=\"attachment-thumbnail size-thumbnail\" alt=\"\" \/><\/a>\n\t\t\t<\/dt><\/dl><br style=\"clear: both\" \/><dl class='gallery-item'>\n\t\t\t<dt class='gallery-icon landscape'>\n\t\t\t\t<a href='https:\/\/sites.ffkarate.fr\/landes\/dsc_0737\/'><img decoding=\"async\" width=\"176\" height=\"176\" src=\"https:\/\/sites.ffkarate.fr\/landes\/wp-content\/uploads\/sites\/65\/2019\/12\/DSC_0737-176x176.jpg\" class=\"attachment-thumbnail size-thumbnail\" alt=\"\" \/><\/a>\n\t\t\t<\/dt><\/dl>\n\t\t\t<br style='clear: both' \/>\n\t\t<\/div>\n[\/vc_column_text][\/vc_column][\/vc_row]<\/p>\n<\/div>","protected":false},"excerpt":{"rendered":"<p>[vc_row][vc_column][vc_column_text]Merci \u00e0 tous les arbitres et \u00e0 toute l&rsquo;\u00e9quipe sportive pr\u00e9sente, et bien s\u00fbr, \u00e0 tous les comp\u00e9titeurs pr\u00e9sents[\/vc_column_text][\/vc_column][\/vc_row]<\/p>\n","protected":false},"author":101,"featured_media":892,"comment_status":"closed","ping_status":"closed","sticky":false,"template":"","format":"standard","meta":{"footnotes":""},"categories":[1],"tags":[],"class_list":["post-879","post","type-post","status-publish","format-standard","hentry","category-non-classe"],"_links":{"self":[{"href":"https:\/\/sites.ffkarate.fr\/landes\/wp-json\/wp\/v2\/posts\/879","targetHints":{"allow":["GET"]}}],"collection":[{"href":"https:\/\/sites.ffkarate.fr\/landes\/wp-json\/wp\/v2\/posts"}],"about":[{"href":"https:\/\/sites.ffkarate.fr\/landes\/wp-json\/wp\/v2\/types\/post"}],"author":[{"embeddable":true,"href":"https:\/\/sites.ffkarate.fr\/landes\/wp-json\/wp\/v2\/users\/101"}],"replies":[{"embeddable":true,"href":"https:\/\/sites.ffkarate.fr\/landes\/wp-json\/wp\/v2\/comments?post=879"}],"version-history":[{"count":0,"href":"https:\/\/sites.ffkarate.fr\/landes\/wp-json\/wp\/v2\/posts\/879\/revisions"}],"wp:featuredmedia":[{"embeddable":true,"href":"https:\/\/sites.ffkarate.fr\/landes\/wp-json\/wp\/v2\/media\/892"}],"wp:attachment":[{"href":"https:\/\/sites.ffkarate.fr\/landes\/wp-json\/wp\/v2\/media?parent=879"}],"wp:term":[{"taxonomy":"category","embeddable":true,"href":"https:\/\/sites.ffkarate.fr\/landes\/wp-json\/wp\/v2\/categories?post=879"},{"taxonomy":"post_tag","embeddable":true,"href":"https:\/\/sites.ffkarate.fr\/landes\/wp-json\/wp\/v2\/tags?post=879"}],"curies":[{"name":"wp","href":"https:\/\/api.w.org\/{rel}","templated":true}]}}