{"id":914,"date":"2020-01-12T22:33:29","date_gmt":"2020-01-12T21:33:29","guid":{"rendered":"https:\/\/sites.ffkarate.fr\/landes\/?post_type=news&amp;p=914"},"modified":"2020-01-12T22:33:29","modified_gmt":"2020-01-12T21:33:29","slug":"passage-des-grades-a-morcenx","status":"publish","type":"post","link":"https:\/\/sites.ffkarate.fr\/landes\/2020\/01\/12\/passage-des-grades-a-morcenx\/","title":{"rendered":"Passage des grades \u00e0 Morcenx"},"content":{"rendered":"<div class=\"wpb-content-wrapper\"><p>[vc_row][vc_column][vc_column_text]Le comit\u00e9 d\u00e9partemental organis\u00e9 ce dimanche 12 janvier, \u00e0 Morcenx, la 1\u00e8re cession 2019\/2020 de passage des grades du 1er et 2e Dan. Les candidats se sont donc pr\u00e9sent\u00e9s \u00e0 8h30 devant les membres du jury du d\u00e9partement. Prochaine cession le 14 juin \u00e0 Dax.<br \/>\n\n\t\t<style type=\"text\/css\">\n\t\t\t#gallery-1 {\n\t\t\t\tmargin: auto;\n\t\t\t}\n\t\t\t#gallery-1 .gallery-item {\n\t\t\t\tfloat: left;\n\t\t\t\tmargin-top: 10px;\n\t\t\t\ttext-align: center;\n\t\t\t\twidth: 33%;\n\t\t\t}\n\t\t\t#gallery-1 img {\n\t\t\t\tborder: 2px solid #cfcfcf;\n\t\t\t}\n\t\t\t#gallery-1 .gallery-caption {\n\t\t\t\tmargin-left: 0;\n\t\t\t}\n\t\t\t\/* see gallery_shortcode() in wp-includes\/media.php *\/\n\t\t<\/style>\n\t\t<div id='gallery-1' class='gallery galleryid-914 gallery-columns-3 gallery-size-thumbnail'><dl class='gallery-item'>\n\t\t\t<dt class='gallery-icon landscape'>\n\t\t\t\t<a href='https:\/\/sites.ffkarate.fr\/landes\/jury-des-grades-2\/'><img decoding=\"async\" width=\"176\" height=\"176\" src=\"https:\/\/sites.ffkarate.fr\/landes\/wp-content\/uploads\/sites\/65\/2020\/01\/Jury-des-grades-2-176x176.jpg\" class=\"attachment-thumbnail size-thumbnail\" alt=\"\" \/><\/a>\n\t\t\t<\/dt><\/dl><dl class='gallery-item'>\n\t\t\t<dt class='gallery-icon landscape'>\n\t\t\t\t<a href='https:\/\/sites.ffkarate.fr\/landes\/jury-des-grades-1\/'><img decoding=\"async\" width=\"176\" height=\"176\" src=\"https:\/\/sites.ffkarate.fr\/landes\/wp-content\/uploads\/sites\/65\/2020\/01\/Jury-des-grades-1-176x176.jpg\" class=\"attachment-thumbnail size-thumbnail\" alt=\"\" \/><\/a>\n\t\t\t<\/dt><\/dl>\n\t\t\t<br style='clear: both' \/>\n\t\t<\/div>\n[\/vc_column_text][\/vc_column][\/vc_row]<\/p>\n<\/div>","protected":false},"excerpt":{"rendered":"<p>[vc_row][vc_column][vc_column_text]Le comit\u00e9 d\u00e9partemental organis\u00e9 ce dimanche 12 janvier, \u00e0 Morcenx, la 1\u00e8re cession 2019\/2020 de passage des grades du 1er et 2e Dan. Les candidats se sont donc pr\u00e9sent\u00e9s \u00e0 8h30 devant les membres du jury du d\u00e9partement. Prochaine cession le 14 juin \u00e0 Dax. [\/vc_column_text][\/vc_column][\/vc_row]<\/p>\n","protected":false},"author":101,"featured_media":913,"comment_status":"closed","ping_status":"closed","sticky":false,"template":"","format":"standard","meta":{"footnotes":""},"categories":[1],"tags":[],"class_list":["post-914","post","type-post","status-publish","format-standard","hentry","category-non-classe"],"_links":{"self":[{"href":"https:\/\/sites.ffkarate.fr\/landes\/wp-json\/wp\/v2\/posts\/914","targetHints":{"allow":["GET"]}}],"collection":[{"href":"https:\/\/sites.ffkarate.fr\/landes\/wp-json\/wp\/v2\/posts"}],"about":[{"href":"https:\/\/sites.ffkarate.fr\/landes\/wp-json\/wp\/v2\/types\/post"}],"author":[{"embeddable":true,"href":"https:\/\/sites.ffkarate.fr\/landes\/wp-json\/wp\/v2\/users\/101"}],"replies":[{"embeddable":true,"href":"https:\/\/sites.ffkarate.fr\/landes\/wp-json\/wp\/v2\/comments?post=914"}],"version-history":[{"count":0,"href":"https:\/\/sites.ffkarate.fr\/landes\/wp-json\/wp\/v2\/posts\/914\/revisions"}],"wp:featuredmedia":[{"embeddable":true,"href":"https:\/\/sites.ffkarate.fr\/landes\/wp-json\/wp\/v2\/media\/913"}],"wp:attachment":[{"href":"https:\/\/sites.ffkarate.fr\/landes\/wp-json\/wp\/v2\/media?parent=914"}],"wp:term":[{"taxonomy":"category","embeddable":true,"href":"https:\/\/sites.ffkarate.fr\/landes\/wp-json\/wp\/v2\/categories?post=914"},{"taxonomy":"post_tag","embeddable":true,"href":"https:\/\/sites.ffkarate.fr\/landes\/wp-json\/wp\/v2\/tags?post=914"}],"curies":[{"name":"wp","href":"https:\/\/api.w.org\/{rel}","templated":true}]}}