{"id":9432,"date":"2022-11-14T17:04:50","date_gmt":"2022-11-14T16:04:50","guid":{"rendered":"https:\/\/sites.ffkarate.fr\/liguebretagne\/?p=9432"},"modified":"2023-02-16T11:20:12","modified_gmt":"2023-02-16T10:20:12","slug":"le-champion-olympique-steven-da-costa-en-stage-en-bretagne-le-18-decembre-prochain","status":"publish","type":"post","link":"https:\/\/sites.ffkarate.fr\/liguebretagne\/2022\/11\/14\/le-champion-olympique-steven-da-costa-en-stage-en-bretagne-le-18-decembre-prochain\/","title":{"rendered":"Nouveau programme \/\/ Le champion olympique Steven Da Costa en stage en Bretagne le 18 d\u00e9cembre prochain"},"content":{"rendered":"<div class=\"wpb-content-wrapper\"><p>[vc_row][vc_column][vc_column_text]Report\u00e9 l&rsquo;an pass\u00e9 \u00e0 cause de la recrudescence des cas de COVID, le stage avec le champion Olympique et double champion du Monde de karat\u00e9 aura lieu ce dimanche 18 d\u00e9cembre au Palais des Sports de Cesson-S\u00e9vign\u00e9 (35). Steven Da Costa, m\u00e9daill\u00e9 d&rsquo;or aux Jeux Olympiques de Tokyo 2020, nous fera l&rsquo;honneur d&rsquo;animer une session d&rsquo;entrainement. La session sera organis\u00e9e comme suit :[\/vc_column_text][vc_column_text]<\/p>\n<ul>\n<li><strong>1 s\u00e9ance d&rsquo;entrainement de 1h30 <\/strong>dirig\u00e9e par Steven avec un travail sur ses techniques favorites<\/li>\n<li><strong>1 temps d&rsquo;\u00e9change de 30 minutes<\/strong> sous forme de questions \/ r\u00e9ponses avec les participants<\/li>\n<li><strong>1 s\u00e9ance de photos et d\u00e9dicaces<\/strong>\u00a0(avec pr\u00e9sentation des m\u00e9dailles olympiques et mondiales) pour garder un souvenir<\/li>\n<\/ul>\n<p>[\/vc_column_text][vc_single_image image=\u00a0\u00bb9435&Prime;][vc_column_text]Ce stage est ouvert \u00e0 tous les licenci\u00e9s de la FFK. Les spectateurs et accompagnateurs pourront assister \u00e0 l&rsquo;\u00e9v\u00e9nement depuis les tribunes du Palais des Sports.[\/vc_column_text][\/vc_column][\/vc_row][vc_row][vc_column][ffk_buttons buttons=\u00a0\u00bb%5B%7B%22link%22%3A%22url%3Ahttps%253A%252F%252Fmy.weezevent.com%252Fstage-steven-cesson-sevigne%7Ctitle%3AR%25C3%25A9server%2520en%2520ligne%2520%22%7D%5D\u00a0\u00bb][\/vc_column][\/vc_row]<\/p>\n<\/div>","protected":false},"excerpt":{"rendered":"<p>[vc_row][vc_column][vc_column_text]Report\u00e9 l&rsquo;an pass\u00e9 \u00e0 cause de la recrudescence des cas de COVID, le stage avec le champion Olympique et double champion du Monde de karat\u00e9 aura lieu ce dimanche 18 d\u00e9cembre au Palais des Sports de Cesson-S\u00e9vign\u00e9 (35). Steven Da Costa, m\u00e9daill\u00e9 d&rsquo;or aux Jeux Olympiques de Tokyo 2020, nous fera l&rsquo;honneur d&rsquo;animer une session [&hellip;]<\/p>\n","protected":false},"author":42,"featured_media":9433,"comment_status":"closed","ping_status":"closed","sticky":false,"template":"","format":"standard","meta":{"footnotes":""},"categories":[306,333,14],"tags":[70,383,382,381,32,380],"class_list":["post-9432","post","type-post","status-publish","format-standard","hentry","category-combats","category-entrainement","category-karate","tag-bretagne","tag-cesson-sevigne","tag-champion-olympique","tag-da-costa","tag-karate","tag-steven-da-costa"],"_links":{"self":[{"href":"https:\/\/sites.ffkarate.fr\/liguebretagne\/wp-json\/wp\/v2\/posts\/9432","targetHints":{"allow":["GET"]}}],"collection":[{"href":"https:\/\/sites.ffkarate.fr\/liguebretagne\/wp-json\/wp\/v2\/posts"}],"about":[{"href":"https:\/\/sites.ffkarate.fr\/liguebretagne\/wp-json\/wp\/v2\/types\/post"}],"author":[{"embeddable":true,"href":"https:\/\/sites.ffkarate.fr\/liguebretagne\/wp-json\/wp\/v2\/users\/42"}],"replies":[{"embeddable":true,"href":"https:\/\/sites.ffkarate.fr\/liguebretagne\/wp-json\/wp\/v2\/comments?post=9432"}],"version-history":[{"count":5,"href":"https:\/\/sites.ffkarate.fr\/liguebretagne\/wp-json\/wp\/v2\/posts\/9432\/revisions"}],"predecessor-version":[{"id":9506,"href":"https:\/\/sites.ffkarate.fr\/liguebretagne\/wp-json\/wp\/v2\/posts\/9432\/revisions\/9506"}],"wp:featuredmedia":[{"embeddable":true,"href":"https:\/\/sites.ffkarate.fr\/liguebretagne\/wp-json\/wp\/v2\/media\/9433"}],"wp:attachment":[{"href":"https:\/\/sites.ffkarate.fr\/liguebretagne\/wp-json\/wp\/v2\/media?parent=9432"}],"wp:term":[{"taxonomy":"category","embeddable":true,"href":"https:\/\/sites.ffkarate.fr\/liguebretagne\/wp-json\/wp\/v2\/categories?post=9432"},{"taxonomy":"post_tag","embeddable":true,"href":"https:\/\/sites.ffkarate.fr\/liguebretagne\/wp-json\/wp\/v2\/tags?post=9432"}],"curies":[{"name":"wp","href":"https:\/\/api.w.org\/{rel}","templated":true}]}}