{"id":1710,"date":"2023-02-08T14:49:17","date_gmt":"2023-02-08T13:49:17","guid":{"rendered":"https:\/\/sites.ffkarate.fr\/ligueguadeloupe\/?p=1710"},"modified":"2023-02-08T14:49:17","modified_gmt":"2023-02-08T13:49:17","slug":"stage-karate-combat-au-senchin-karate-saint-claude","status":"publish","type":"post","link":"https:\/\/sites.ffkarate.fr\/ligueguadeloupe\/2023\/02\/08\/stage-karate-combat-au-senchin-karate-saint-claude\/","title":{"rendered":"STAGE KARATE COMBAT au SENCHIN KARATE SAINT CLAUDE"},"content":{"rendered":"<div class=\"wpb-content-wrapper\"><p>[vc_row][vc_column][vc_column_text]Le mardi 6 et mercredi 7 d\u00e9cembre, le SENCHIN KARATE SAINT CLAUDE a organis\u00e9 un stage de karat\u00e9 Combat anim\u00e9 par J\u00e9r\u00e9mie MARUANIE, ancien membre de l&rsquo;\u00e9quipe de France Kumit\u00e9 et actuel entraineur Elite d&rsquo;Ile de France.<\/p>\n<p>Ce stage \u00e9tait destin\u00e9 aux pratiquants aux pratiquants confirm\u00e9s et professeurs, il s&rsquo;est d\u00e9roul\u00e9 dans une excellente ambiance et fut tr\u00e8s riche de petits d\u00e9tails qui nous ont permis d&rsquo;am\u00e9liorer encore plus notre karat\u00e9.<\/p>\n<p>Merci \u00e0 Sense\u00ef MARUANIE de sa disponibilit\u00e9 et de ses conseils et aux cadres du SENCHIN KARATE SAINT CLAUDE pour l&rsquo;organisation de ce super stage.[\/vc_column_text][\/vc_column][\/vc_row][vc_row][vc_column][vc_single_image image=\u00a0\u00bb1714&Prime;][vc_single_image image=\u00a0\u00bb1712&Prime;][vc_single_image image=\u00a0\u00bb1713&Prime;][vc_single_image image=\u00a0\u00bb1715&Prime;][vc_single_image image=\u00a0\u00bb1716&Prime;][vc_single_image image=\u00a0\u00bb1717&Prime;][vc_single_image image=\u00a0\u00bb1711&Prime;][vc_video link=\u00a0\u00bbVID-20221207-WA0008&Prime;][\/vc_column][\/vc_row]<\/p>\n<\/div>","protected":false},"excerpt":{"rendered":"<p>[vc_row][vc_column][vc_column_text]Le mardi 6 et mercredi 7 d\u00e9cembre, le SENCHIN KARATE SAINT CLAUDE a organis\u00e9 un stage de karat\u00e9 Combat anim\u00e9 par J\u00e9r\u00e9mie MARUANIE, ancien membre de l&rsquo;\u00e9quipe de France Kumit\u00e9 et actuel entraineur Elite d&rsquo;Ile de France. Ce stage \u00e9tait destin\u00e9 aux pratiquants aux pratiquants confirm\u00e9s et professeurs, il s&rsquo;est d\u00e9roul\u00e9 dans une excellente ambiance [&hellip;]<\/p>\n","protected":false},"author":84,"featured_media":1714,"comment_status":"closed","ping_status":"closed","sticky":false,"template":"","format":"standard","meta":{"footnotes":""},"categories":[5,14,19,18],"tags":[],"class_list":["post-1710","post","type-post","status-publish","format-standard","hentry","category-actualites","category-karate","category-stages","category-vie-des-clubs"],"_links":{"self":[{"href":"https:\/\/sites.ffkarate.fr\/ligueguadeloupe\/wp-json\/wp\/v2\/posts\/1710","targetHints":{"allow":["GET"]}}],"collection":[{"href":"https:\/\/sites.ffkarate.fr\/ligueguadeloupe\/wp-json\/wp\/v2\/posts"}],"about":[{"href":"https:\/\/sites.ffkarate.fr\/ligueguadeloupe\/wp-json\/wp\/v2\/types\/post"}],"author":[{"embeddable":true,"href":"https:\/\/sites.ffkarate.fr\/ligueguadeloupe\/wp-json\/wp\/v2\/users\/84"}],"replies":[{"embeddable":true,"href":"https:\/\/sites.ffkarate.fr\/ligueguadeloupe\/wp-json\/wp\/v2\/comments?post=1710"}],"version-history":[{"count":2,"href":"https:\/\/sites.ffkarate.fr\/ligueguadeloupe\/wp-json\/wp\/v2\/posts\/1710\/revisions"}],"predecessor-version":[{"id":1719,"href":"https:\/\/sites.ffkarate.fr\/ligueguadeloupe\/wp-json\/wp\/v2\/posts\/1710\/revisions\/1719"}],"wp:featuredmedia":[{"embeddable":true,"href":"https:\/\/sites.ffkarate.fr\/ligueguadeloupe\/wp-json\/wp\/v2\/media\/1714"}],"wp:attachment":[{"href":"https:\/\/sites.ffkarate.fr\/ligueguadeloupe\/wp-json\/wp\/v2\/media?parent=1710"}],"wp:term":[{"taxonomy":"category","embeddable":true,"href":"https:\/\/sites.ffkarate.fr\/ligueguadeloupe\/wp-json\/wp\/v2\/categories?post=1710"},{"taxonomy":"post_tag","embeddable":true,"href":"https:\/\/sites.ffkarate.fr\/ligueguadeloupe\/wp-json\/wp\/v2\/tags?post=1710"}],"curies":[{"name":"wp","href":"https:\/\/api.w.org\/{rel}","templated":true}]}}