{"id":2010,"date":"2024-07-08T21:13:42","date_gmt":"2024-07-08T19:13:42","guid":{"rendered":"https:\/\/sites.ffkarate.fr\/ligueguadeloupe\/?p=2010"},"modified":"2025-11-24T14:55:18","modified_gmt":"2025-11-24T13:55:18","slug":"info-fin-de-saison-budokan-guadeloupe","status":"publish","type":"post","link":"https:\/\/sites.ffkarate.fr\/ligueguadeloupe\/2024\/07\/08\/info-fin-de-saison-budokan-guadeloupe\/","title":{"rendered":"Info fin de saison : BUDOKAN GUADELOUPE"},"content":{"rendered":"<div class=\"wpb-content-wrapper\"><p>[vc_row][vc_column][vc_column_text]Madame, Monsieur, Chers parents,<\/p>\n<p>Nous vous informons que le club fermera ses portes le 31 juillet et r\u00e9ouvrira \u00e0 compter du lundi 2 septembre 2024 \u00e0 partir de 15h selon le calendrier suivant :<\/p>\n<p><u>REINSCRIPTIONS ENFANTS :<\/u><\/p>\n<p>Mercredi 4 septembre :<br \/>\n15h \u2013 18h : \u00a0 \u00a0 \u00a0 \u00a0 \u00a0 \u00a0 \u00a0 \u00a0 R\u00e9inscription Karat\u00e9 \/ Penchak<\/p>\n<p><u>REINSCRIPTIONS ADULTES ET NOUVELLES INSCRIPTIONS A PARTIR DU JEUDI 5 SEPTEMBRE AUX HORAIRES DE BUREAU<\/u><\/p>\n<p>Pour l\u2019inscription, vous devrez imp\u00e9rativement vous munir de :<br \/>\n\u00d8 \u00a0Deux photographies d\u2019identit\u00e9 (1 seule pour les r\u00e9inscriptions)<br \/>\n\u00d8 \u00a0Un certificat m\u00e9dical de moins de 3 mois portant la mention NCI (Non Contre-Indication) \u00e0 la pratique de la discipline de votre choix \u00ab y compris en comp\u00e9tition \u00bb (certificat valable 3 ans).<\/p>\n<p><b>Le paiement se fera \u00e0 l\u2019ann\u00e9e d\u00e8s l\u2019inscription.<\/b><\/p>\n<p>Pour le JUDO et le KARATE,<br \/>\n\u00d8 \u00a0Lors de votre visite m\u00e9dicale, si vous le poss\u00e9dez d\u00e9j\u00e0, faire dater et signer le passeport sportif par le m\u00e9decin avec la mention pr\u00e9cit\u00e9e (NCI).<br \/>\n\u00d8 \u00a0Pour ceux qui ne poss\u00e8dent pas encore de passeport sportif, faire la demande au club lors de l\u2019inscription (+ 1 photo &#8211; tarif \u00e0 voir au club)<\/p>\n<p><b>Les cours d\u00e9buteront le Jeudi 6 septembre 2024<\/b><\/p>\n<p><b><u>ATTENTION : Aucun dossier incomplet ne sera accept\u00e9<\/u><\/b><\/p>\n<p>Dans l\u2019attente de vous recevoir, croyez en nos salutations sportives<\/p>\n<p>La Pr\u00e9sidente<br \/>\nMme LIVEZE Maryse[\/vc_column_text][\/vc_column][\/vc_row]<\/p>\n<\/div>","protected":false},"excerpt":{"rendered":"<p>[vc_row][vc_column][vc_column_text]Madame, Monsieur, Chers parents, Nous vous informons que le club fermera ses portes le 31 juillet et r\u00e9ouvrira \u00e0 compter du lundi 2 septembre 2024 \u00e0 partir de 15h selon le calendrier suivant : REINSCRIPTIONS ENFANTS : Mercredi 4 septembre : 15h \u2013 18h : \u00a0 \u00a0 \u00a0 \u00a0 \u00a0 \u00a0 \u00a0 \u00a0 R\u00e9inscription Karat\u00e9 [&hellip;]<\/p>\n","protected":false},"author":84,"featured_media":0,"comment_status":"closed","ping_status":"closed","sticky":false,"template":"","format":"standard","meta":{"footnotes":""},"categories":[5,14,18],"tags":[],"class_list":["post-2010","post","type-post","status-publish","format-standard","hentry","category-actualites","category-karate","category-vie-des-clubs"],"_links":{"self":[{"href":"https:\/\/sites.ffkarate.fr\/ligueguadeloupe\/wp-json\/wp\/v2\/posts\/2010","targetHints":{"allow":["GET"]}}],"collection":[{"href":"https:\/\/sites.ffkarate.fr\/ligueguadeloupe\/wp-json\/wp\/v2\/posts"}],"about":[{"href":"https:\/\/sites.ffkarate.fr\/ligueguadeloupe\/wp-json\/wp\/v2\/types\/post"}],"author":[{"embeddable":true,"href":"https:\/\/sites.ffkarate.fr\/ligueguadeloupe\/wp-json\/wp\/v2\/users\/84"}],"replies":[{"embeddable":true,"href":"https:\/\/sites.ffkarate.fr\/ligueguadeloupe\/wp-json\/wp\/v2\/comments?post=2010"}],"version-history":[{"count":6,"href":"https:\/\/sites.ffkarate.fr\/ligueguadeloupe\/wp-json\/wp\/v2\/posts\/2010\/revisions"}],"predecessor-version":[{"id":2016,"href":"https:\/\/sites.ffkarate.fr\/ligueguadeloupe\/wp-json\/wp\/v2\/posts\/2010\/revisions\/2016"}],"wp:attachment":[{"href":"https:\/\/sites.ffkarate.fr\/ligueguadeloupe\/wp-json\/wp\/v2\/media?parent=2010"}],"wp:term":[{"taxonomy":"category","embeddable":true,"href":"https:\/\/sites.ffkarate.fr\/ligueguadeloupe\/wp-json\/wp\/v2\/categories?post=2010"},{"taxonomy":"post_tag","embeddable":true,"href":"https:\/\/sites.ffkarate.fr\/ligueguadeloupe\/wp-json\/wp\/v2\/tags?post=2010"}],"curies":[{"name":"wp","href":"https:\/\/api.w.org\/{rel}","templated":true}]}}